{"id":3807,"date":"2025-06-30T07:49:11","date_gmt":"2025-06-30T07:49:11","guid":{"rendered":"https:\/\/greenteam.ufec.cat\/2025\/06\/30\/playsocial\/"},"modified":"2025-06-30T10:53:08","modified_gmt":"2025-06-30T10:53:08","slug":"playsocial","status":"publish","type":"post","link":"https:\/\/greenteam.ufec.cat\/es\/2025\/06\/30\/playsocial\/","title":{"rendered":"\ud83d\udcf0 Formaci\u00f3n PLAYSOCIAL en Ruman\u00eda: deporte para la inclusi\u00f3n social y la sostenibilidad"},"content":{"rendered":"\n<p>\ud83d\udccd El 12 de junio, el Complejo Deportivo Nacional Lia Manoliu de Bucarest (Ruman\u00eda) acogi\u00f3 el acto de formaci\u00f3n presencial del proyecto PLAYSOCIAL, que reuni\u00f3 a<strong> 20 participantes de Ruman\u00eda, seleccionados entre m\u00e1s de 40 solicitantes <\/strong>que hab\u00edan completado la fase de formaci\u00f3n en l\u00ednea en mayo.<\/p>\n\n\n\n<p><br>Adem\u00e1s, tambi\u00e9n participaron en el acto m\u00e1s de <strong>60 representantes<\/strong> de federaciones deportivas nacionales, entrenadores, gestores deportivos y otras partes interesadas.<\/p>\n\n\n\n<p><br>\ud83c\udfaf El objetivo principal de PLAYSOCIAL es formar a <strong>entrenadores, l\u00edderes comunitarios y representantes de instituciones deportivas en el uso del deporte como herramienta para la inclusi\u00f3n social activa.<\/strong><\/p>\n\n\n\n<h2 class=\"wp-block-heading\"><br>\ud83d\udc65 El evento cont\u00f3 con ponencias magistrales de:<\/h2>\n\n\n\n<p>\u25aa\ufe0f <strong>Jorge Pina <\/strong>&#8211; Embajador de BeActive y ex atleta paral\u00edmpico<\/p>\n\n\n\n<p>\u25aa\ufe0f<strong> Ivo Quendera <\/strong>&#8211; Entrenador nacional de paracanoe<\/p>\n\n\n\n<p>\u25aa\ufe0f <strong>Prashant Kunar<\/strong> &#8211; Invitado por los organizadores del evento para compartir sus puntos de vista sobre la sostenibilidad en el sector deportivo<\/p>\n\n\n\n<p>\u25aa\ufe0f <strong>Daniel Monteiro<\/strong> &#8211; Especialista en gesti\u00f3n deportiva<\/p>\n\n\n\n<p>\ud83c\udf31 El evento fue tambi\u00e9n una oportunidad para presentar el proyecto <strong>GreenTeam<\/strong>, una iniciativa complementaria a PLAYSOCIAL, que se centra en la sostenibilidad de los eventos deportivos.<br>Los participantes aprendieron sobre la importancia de organizar eventos respetuosos con el medio ambiente, y la<strong> plataforma de aprendizaje electr\u00f3nico GreenTeam<\/strong> se destac\u00f3 como una herramienta muy eficaz para promover la sostenibilidad no s\u00f3lo desde una perspectiva ambiental, sino tambi\u00e9n a trav\u00e9s de lentes econ\u00f3micas y sociales.<\/p>\n\n\n\n<p><\/p>\n","protected":false},"excerpt":{"rendered":"<p>El 12 de junio, en el Complejo Deportivo Nacional Lia Manoliu de Bucarest (Ruman\u00eda), la formaci\u00f3n PLAYSOCIAL reuni\u00f3 a 20 participantes de Ruman\u00eda, seleccionados entre m\u00e1s de 40 aspirantes que hab\u00edan completado una fase de formaci\u00f3n en l\u00ednea en mayo. Adem\u00e1s de ellos, participaron m\u00e1s de 60 representantes de federaciones nacionales, entrenadores, directivos y otros.<\/p>\n","protected":false},"author":2,"featured_media":3801,"comment_status":"open","ping_status":"closed","sticky":false,"template":"","format":"standard","meta":{"footnotes":""},"categories":[11],"tags":[],"class_list":["post-3807","post","type-post","status-publish","format-standard","has-post-thumbnail","hentry","category-sin-categorizar"],"yoast_head":"<!-- This site is optimized with the Yoast SEO plugin v20.3 - https:\/\/yoast.com\/wordpress\/plugins\/seo\/ -->\n<title>\ud83d\udcf0 Formaci\u00f3n PLAYSOCIAL en Ruman\u00eda: deporte para la inclusi\u00f3n social y la sostenibilidad - Green Team<\/title>\n<meta name=\"robots\" content=\"index, follow, max-snippet:-1, max-image-preview:large, max-video-preview:-1\" \/>\n<link rel=\"canonical\" href=\"https:\/\/greenteam.ufec.cat\/es\/2025\/06\/30\/playsocial\/\" \/>\n<meta property=\"og:locale\" content=\"es_ES\" \/>\n<meta property=\"og:type\" content=\"article\" \/>\n<meta property=\"og:title\" content=\"\ud83d\udcf0 Formaci\u00f3n PLAYSOCIAL en Ruman\u00eda: deporte para la inclusi\u00f3n social y la sostenibilidad - Green Team\" \/>\n<meta property=\"og:description\" content=\"El 12 de junio, en el Complejo Deportivo Nacional Lia Manoliu de Bucarest (Ruman\u00eda), la formaci\u00f3n PLAYSOCIAL reuni\u00f3 a 20 participantes de Ruman\u00eda, seleccionados entre m\u00e1s de 40 aspirantes que hab\u00edan completado una fase de formaci\u00f3n en l\u00ednea en mayo. Adem\u00e1s de ellos, participaron m\u00e1s de 60 representantes de federaciones nacionales, entrenadores, directivos y otros.\" \/>\n<meta property=\"og:url\" content=\"https:\/\/greenteam.ufec.cat\/es\/2025\/06\/30\/playsocial\/\" \/>\n<meta property=\"og:site_name\" content=\"Green Team\" \/>\n<meta property=\"article:published_time\" content=\"2025-06-30T07:49:11+00:00\" \/>\n<meta property=\"article:modified_time\" content=\"2025-06-30T10:53:08+00:00\" \/>\n<meta property=\"og:image\" content=\"https:\/\/greenteam.ufec.cat\/wp-content\/uploads\/2025\/06\/Foto3-1.jpg\" \/>\n\t<meta property=\"og:image:width\" content=\"1600\" \/>\n\t<meta property=\"og:image:height\" content=\"900\" \/>\n\t<meta property=\"og:image:type\" content=\"image\/jpeg\" \/>\n<meta name=\"author\" content=\"Premsa UFEC\" \/>\n<meta name=\"twitter:card\" content=\"summary_large_image\" \/>\n<meta name=\"twitter:label1\" content=\"Escrito por\" \/>\n\t<meta name=\"twitter:data1\" content=\"Premsa UFEC\" \/>\n\t<meta name=\"twitter:label2\" content=\"Tiempo de lectura\" \/>\n\t<meta name=\"twitter:data2\" content=\"1 minuto\" \/>\n<script type=\"application\/ld+json\" class=\"yoast-schema-graph\">{\"@context\":\"https:\/\/schema.org\",\"@graph\":[{\"@type\":\"Article\",\"@id\":\"https:\/\/greenteam.ufec.cat\/es\/2025\/06\/30\/playsocial\/#article\",\"isPartOf\":{\"@id\":\"https:\/\/greenteam.ufec.cat\/es\/2025\/06\/30\/playsocial\/\"},\"author\":{\"name\":\"Premsa UFEC\",\"@id\":\"https:\/\/greenteam.ufec.cat\/es\/#\/schema\/person\/cb52c2d07d101573fcb8d9a3604285a4\"},\"headline\":\"\ud83d\udcf0 Formaci\u00f3n PLAYSOCIAL en Ruman\u00eda: deporte para la inclusi\u00f3n social y la sostenibilidad\",\"datePublished\":\"2025-06-30T07:49:11+00:00\",\"dateModified\":\"2025-06-30T10:53:08+00:00\",\"mainEntityOfPage\":{\"@id\":\"https:\/\/greenteam.ufec.cat\/es\/2025\/06\/30\/playsocial\/\"},\"wordCount\":252,\"commentCount\":0,\"publisher\":{\"@id\":\"https:\/\/greenteam.ufec.cat\/es\/#organization\"},\"articleSection\":[\"Sin categorizar\"],\"inLanguage\":\"es\",\"potentialAction\":[{\"@type\":\"CommentAction\",\"name\":\"Comment\",\"target\":[\"https:\/\/greenteam.ufec.cat\/es\/2025\/06\/30\/playsocial\/#respond\"]}]},{\"@type\":\"WebPage\",\"@id\":\"https:\/\/greenteam.ufec.cat\/es\/2025\/06\/30\/playsocial\/\",\"url\":\"https:\/\/greenteam.ufec.cat\/es\/2025\/06\/30\/playsocial\/\",\"name\":\"\ud83d\udcf0 Formaci\u00f3n PLAYSOCIAL en Ruman\u00eda: deporte para la inclusi\u00f3n social y la sostenibilidad - Green Team\",\"isPartOf\":{\"@id\":\"https:\/\/greenteam.ufec.cat\/es\/#website\"},\"datePublished\":\"2025-06-30T07:49:11+00:00\",\"dateModified\":\"2025-06-30T10:53:08+00:00\",\"breadcrumb\":{\"@id\":\"https:\/\/greenteam.ufec.cat\/es\/2025\/06\/30\/playsocial\/#breadcrumb\"},\"inLanguage\":\"es\",\"potentialAction\":[{\"@type\":\"ReadAction\",\"target\":[\"https:\/\/greenteam.ufec.cat\/es\/2025\/06\/30\/playsocial\/\"]}]},{\"@type\":\"BreadcrumbList\",\"@id\":\"https:\/\/greenteam.ufec.cat\/es\/2025\/06\/30\/playsocial\/#breadcrumb\",\"itemListElement\":[{\"@type\":\"ListItem\",\"position\":1,\"name\":\"Portada\",\"item\":\"https:\/\/greenteam.ufec.cat\/es\/\"},{\"@type\":\"ListItem\",\"position\":2,\"name\":\"\ud83d\udcf0 Formaci\u00f3n PLAYSOCIAL en Ruman\u00eda: deporte para la inclusi\u00f3n social y la sostenibilidad\"}]},{\"@type\":\"WebSite\",\"@id\":\"https:\/\/greenteam.ufec.cat\/es\/#website\",\"url\":\"https:\/\/greenteam.ufec.cat\/es\/\",\"name\":\"Green Team\",\"description\":\"Fostering sustainable, eco friendly and inclusive sporting events\",\"publisher\":{\"@id\":\"https:\/\/greenteam.ufec.cat\/es\/#organization\"},\"potentialAction\":[{\"@type\":\"SearchAction\",\"target\":{\"@type\":\"EntryPoint\",\"urlTemplate\":\"https:\/\/greenteam.ufec.cat\/es\/?s={search_term_string}\"},\"query-input\":\"required name=search_term_string\"}],\"inLanguage\":\"es\"},{\"@type\":\"Organization\",\"@id\":\"https:\/\/greenteam.ufec.cat\/es\/#organization\",\"name\":\"Green Team\",\"url\":\"https:\/\/greenteam.ufec.cat\/es\/\",\"logo\":{\"@type\":\"ImageObject\",\"inLanguage\":\"es\",\"@id\":\"https:\/\/greenteam.ufec.cat\/es\/#\/schema\/logo\/image\/\",\"url\":\"https:\/\/greenteam.ufec.cat\/wp-content\/uploads\/2022\/08\/LOGO-GREEN-TEAM.svg\",\"contentUrl\":\"https:\/\/greenteam.ufec.cat\/wp-content\/uploads\/2022\/08\/LOGO-GREEN-TEAM.svg\",\"width\":1920,\"height\":600,\"caption\":\"Green Team\"},\"image\":{\"@id\":\"https:\/\/greenteam.ufec.cat\/es\/#\/schema\/logo\/image\/\"}},{\"@type\":\"Person\",\"@id\":\"https:\/\/greenteam.ufec.cat\/es\/#\/schema\/person\/cb52c2d07d101573fcb8d9a3604285a4\",\"name\":\"Premsa UFEC\",\"image\":{\"@type\":\"ImageObject\",\"inLanguage\":\"es\",\"@id\":\"https:\/\/greenteam.ufec.cat\/es\/#\/schema\/person\/image\/\",\"url\":\"https:\/\/secure.gravatar.com\/avatar\/3c332e4ba74306f0f021b2e2eb15d86eb35143b4c4aec9e52241d40ff06608d9?s=96&d=mm&r=g\",\"contentUrl\":\"https:\/\/secure.gravatar.com\/avatar\/3c332e4ba74306f0f021b2e2eb15d86eb35143b4c4aec9e52241d40ff06608d9?s=96&d=mm&r=g\",\"caption\":\"Premsa UFEC\"},\"url\":\"https:\/\/greenteam.ufec.cat\/es\/author\/premsaufec-cat\/\"}]}<\/script>\n<!-- \/ Yoast SEO plugin. -->","yoast_head_json":{"title":"\ud83d\udcf0 Formaci\u00f3n PLAYSOCIAL en Ruman\u00eda: deporte para la inclusi\u00f3n social y la sostenibilidad - Green Team","robots":{"index":"index","follow":"follow","max-snippet":"max-snippet:-1","max-image-preview":"max-image-preview:large","max-video-preview":"max-video-preview:-1"},"canonical":"https:\/\/greenteam.ufec.cat\/es\/2025\/06\/30\/playsocial\/","og_locale":"es_ES","og_type":"article","og_title":"\ud83d\udcf0 Formaci\u00f3n PLAYSOCIAL en Ruman\u00eda: deporte para la inclusi\u00f3n social y la sostenibilidad - Green Team","og_description":"El 12 de junio, en el Complejo Deportivo Nacional Lia Manoliu de Bucarest (Ruman\u00eda), la formaci\u00f3n PLAYSOCIAL reuni\u00f3 a 20 participantes de Ruman\u00eda, seleccionados entre m\u00e1s de 40 aspirantes que hab\u00edan completado una fase de formaci\u00f3n en l\u00ednea en mayo. Adem\u00e1s de ellos, participaron m\u00e1s de 60 representantes de federaciones nacionales, entrenadores, directivos y otros.","og_url":"https:\/\/greenteam.ufec.cat\/es\/2025\/06\/30\/playsocial\/","og_site_name":"Green Team","article_published_time":"2025-06-30T07:49:11+00:00","article_modified_time":"2025-06-30T10:53:08+00:00","og_image":[{"width":1600,"height":900,"url":"https:\/\/greenteam.ufec.cat\/wp-content\/uploads\/2025\/06\/Foto3-1.jpg","type":"image\/jpeg"}],"author":"Premsa UFEC","twitter_card":"summary_large_image","twitter_misc":{"Escrito por":"Premsa UFEC","Tiempo de lectura":"1 minuto"},"schema":{"@context":"https:\/\/schema.org","@graph":[{"@type":"Article","@id":"https:\/\/greenteam.ufec.cat\/es\/2025\/06\/30\/playsocial\/#article","isPartOf":{"@id":"https:\/\/greenteam.ufec.cat\/es\/2025\/06\/30\/playsocial\/"},"author":{"name":"Premsa UFEC","@id":"https:\/\/greenteam.ufec.cat\/es\/#\/schema\/person\/cb52c2d07d101573fcb8d9a3604285a4"},"headline":"\ud83d\udcf0 Formaci\u00f3n PLAYSOCIAL en Ruman\u00eda: deporte para la inclusi\u00f3n social y la sostenibilidad","datePublished":"2025-06-30T07:49:11+00:00","dateModified":"2025-06-30T10:53:08+00:00","mainEntityOfPage":{"@id":"https:\/\/greenteam.ufec.cat\/es\/2025\/06\/30\/playsocial\/"},"wordCount":252,"commentCount":0,"publisher":{"@id":"https:\/\/greenteam.ufec.cat\/es\/#organization"},"articleSection":["Sin categorizar"],"inLanguage":"es","potentialAction":[{"@type":"CommentAction","name":"Comment","target":["https:\/\/greenteam.ufec.cat\/es\/2025\/06\/30\/playsocial\/#respond"]}]},{"@type":"WebPage","@id":"https:\/\/greenteam.ufec.cat\/es\/2025\/06\/30\/playsocial\/","url":"https:\/\/greenteam.ufec.cat\/es\/2025\/06\/30\/playsocial\/","name":"\ud83d\udcf0 Formaci\u00f3n PLAYSOCIAL en Ruman\u00eda: deporte para la inclusi\u00f3n social y la sostenibilidad - Green Team","isPartOf":{"@id":"https:\/\/greenteam.ufec.cat\/es\/#website"},"datePublished":"2025-06-30T07:49:11+00:00","dateModified":"2025-06-30T10:53:08+00:00","breadcrumb":{"@id":"https:\/\/greenteam.ufec.cat\/es\/2025\/06\/30\/playsocial\/#breadcrumb"},"inLanguage":"es","potentialAction":[{"@type":"ReadAction","target":["https:\/\/greenteam.ufec.cat\/es\/2025\/06\/30\/playsocial\/"]}]},{"@type":"BreadcrumbList","@id":"https:\/\/greenteam.ufec.cat\/es\/2025\/06\/30\/playsocial\/#breadcrumb","itemListElement":[{"@type":"ListItem","position":1,"name":"Portada","item":"https:\/\/greenteam.ufec.cat\/es\/"},{"@type":"ListItem","position":2,"name":"\ud83d\udcf0 Formaci\u00f3n PLAYSOCIAL en Ruman\u00eda: deporte para la inclusi\u00f3n social y la sostenibilidad"}]},{"@type":"WebSite","@id":"https:\/\/greenteam.ufec.cat\/es\/#website","url":"https:\/\/greenteam.ufec.cat\/es\/","name":"Green Team","description":"Fostering sustainable, eco friendly and inclusive sporting events","publisher":{"@id":"https:\/\/greenteam.ufec.cat\/es\/#organization"},"potentialAction":[{"@type":"SearchAction","target":{"@type":"EntryPoint","urlTemplate":"https:\/\/greenteam.ufec.cat\/es\/?s={search_term_string}"},"query-input":"required name=search_term_string"}],"inLanguage":"es"},{"@type":"Organization","@id":"https:\/\/greenteam.ufec.cat\/es\/#organization","name":"Green Team","url":"https:\/\/greenteam.ufec.cat\/es\/","logo":{"@type":"ImageObject","inLanguage":"es","@id":"https:\/\/greenteam.ufec.cat\/es\/#\/schema\/logo\/image\/","url":"https:\/\/greenteam.ufec.cat\/wp-content\/uploads\/2022\/08\/LOGO-GREEN-TEAM.svg","contentUrl":"https:\/\/greenteam.ufec.cat\/wp-content\/uploads\/2022\/08\/LOGO-GREEN-TEAM.svg","width":1920,"height":600,"caption":"Green Team"},"image":{"@id":"https:\/\/greenteam.ufec.cat\/es\/#\/schema\/logo\/image\/"}},{"@type":"Person","@id":"https:\/\/greenteam.ufec.cat\/es\/#\/schema\/person\/cb52c2d07d101573fcb8d9a3604285a4","name":"Premsa UFEC","image":{"@type":"ImageObject","inLanguage":"es","@id":"https:\/\/greenteam.ufec.cat\/es\/#\/schema\/person\/image\/","url":"https:\/\/secure.gravatar.com\/avatar\/3c332e4ba74306f0f021b2e2eb15d86eb35143b4c4aec9e52241d40ff06608d9?s=96&d=mm&r=g","contentUrl":"https:\/\/secure.gravatar.com\/avatar\/3c332e4ba74306f0f021b2e2eb15d86eb35143b4c4aec9e52241d40ff06608d9?s=96&d=mm&r=g","caption":"Premsa UFEC"},"url":"https:\/\/greenteam.ufec.cat\/es\/author\/premsaufec-cat\/"}]}},"_links":{"self":[{"href":"https:\/\/greenteam.ufec.cat\/es\/wp-json\/wp\/v2\/posts\/3807","targetHints":{"allow":["GET"]}}],"collection":[{"href":"https:\/\/greenteam.ufec.cat\/es\/wp-json\/wp\/v2\/posts"}],"about":[{"href":"https:\/\/greenteam.ufec.cat\/es\/wp-json\/wp\/v2\/types\/post"}],"author":[{"embeddable":true,"href":"https:\/\/greenteam.ufec.cat\/es\/wp-json\/wp\/v2\/users\/2"}],"replies":[{"embeddable":true,"href":"https:\/\/greenteam.ufec.cat\/es\/wp-json\/wp\/v2\/comments?post=3807"}],"version-history":[{"count":7,"href":"https:\/\/greenteam.ufec.cat\/es\/wp-json\/wp\/v2\/posts\/3807\/revisions"}],"predecessor-version":[{"id":3842,"href":"https:\/\/greenteam.ufec.cat\/es\/wp-json\/wp\/v2\/posts\/3807\/revisions\/3842"}],"wp:featuredmedia":[{"embeddable":true,"href":"https:\/\/greenteam.ufec.cat\/es\/wp-json\/wp\/v2\/media\/3801"}],"wp:attachment":[{"href":"https:\/\/greenteam.ufec.cat\/es\/wp-json\/wp\/v2\/media?parent=3807"}],"wp:term":[{"taxonomy":"category","embeddable":true,"href":"https:\/\/greenteam.ufec.cat\/es\/wp-json\/wp\/v2\/categories?post=3807"},{"taxonomy":"post_tag","embeddable":true,"href":"https:\/\/greenteam.ufec.cat\/es\/wp-json\/wp\/v2\/tags?post=3807"}],"curies":[{"name":"wp","href":"https:\/\/api.w.org\/{rel}","templated":true}]}}