{"id":3774,"date":"2025-06-05T13:54:37","date_gmt":"2025-06-05T13:54:37","guid":{"rendered":"https:\/\/greenteam.ufec.cat\/?p=3774"},"modified":"2025-06-05T13:56:49","modified_gmt":"2025-06-05T13:56:49","slug":"climatica","status":"publish","type":"post","link":"https:\/\/greenteam.ufec.cat\/es\/2025\/06\/05\/climatica\/","title":{"rendered":"\ud83c\udf0d D\u00eda Mundial del Medio Ambiente: el deporte, clave para un futuro sostenible"},"content":{"rendered":"\n<p>\ud83c\udf0d <strong>D\u00eda Mundial del Medio Ambiente: el deporte, clave para un futuro sostenible<\/strong><\/p>\n\n\n\n<p>En el D\u00eda Mundial del Medio Ambiente, queremos destacar el papel transformador del deporte en la lucha contra la emergencia clim\u00e1tica. El sector deportivo tiene una oportunidad \u00fanica para liderar el cambio hacia un futuro m\u00e1s verde, inclusivo y justo.<\/p>\n\n\n\n<p>Desde el proyecto europeo <strong>#GreenTeam<\/strong>, cofinanciado por la Comisi\u00f3n Europea, estamos trabajando para impulsar eventos deportivos sostenibles en toda Europa. El objetivo es acompa\u00f1ar al sector deportivo para que integre criterios ambientales y sociales en sus pr\u00e1cticas habituales.<\/p>\n\n\n\n<p>\u267b\ufe0f <strong>Buenas pr\u00e1cticas que marcan la diferencia:<\/strong><\/p>\n\n\n\n<ul class=\"wp-block-list\">\n<li>Reducir el uso de pl\u00e1sticos de un solo uso<\/li>\n\n\n\n<li>Apostar por el transporte sostenible<\/li>\n\n\n\n<li>Fomentar la inclusi\u00f3n de colectivos vulnerables<\/li>\n\n\n\n<li>Gestionar adecuadamente los residuos<\/li>\n\n\n\n<li>Educar en valores de sostenibilidad y respeto<\/li>\n<\/ul>\n\n\n\n<p>\u26bd\ud83c\udfc3\u200d\u2640\ufe0f Cada evento deportivo es una oportunidad para inspirar, sensibilizar y generar un impacto positivo.<\/p>\n\n\n\n<p>\ud83d\udc9a Si formas parte del mundo del deporte, \u00fanete al movimiento. Descubre c\u00f3mo hacer que tu pr\u00f3ximo evento deportivo sea tambi\u00e9n una victoria para el planeta y para todas las personas.<\/p>\n\n\n\n<p><\/p>\n","protected":false},"excerpt":{"rendered":"<p>\ud83c\udf0d D\u00eda Mundial del Medio Ambiente: el deporte, clave para un futuro sostenible En el D\u00eda Mundial del Medio Ambiente, queremos destacar el papel transformador del deporte en la lucha contra la emergencia clim\u00e1tica. El sector deportivo tiene una oportunidad \u00fanica para liderar el cambio hacia un futuro m\u00e1s verde, inclusivo y justo. Desde el [&hellip;]<\/p>\n","protected":false},"author":2,"featured_media":3770,"comment_status":"open","ping_status":"closed","sticky":false,"template":"","format":"standard","meta":{"footnotes":""},"categories":[11],"tags":[],"class_list":["post-3774","post","type-post","status-publish","format-standard","has-post-thumbnail","hentry","category-sin-categorizar"],"yoast_head":"<!-- This site is optimized with the Yoast SEO plugin v20.3 - https:\/\/yoast.com\/wordpress\/plugins\/seo\/ -->\n<title>\ud83c\udf0d D\u00eda Mundial del Medio Ambiente: el deporte, clave para un futuro sostenible - Green Team<\/title>\n<meta name=\"description\" content=\"En el D\u00eda Mundial del Medio Ambiente, queremos destacar el papel transformador del deporte en la lucha contra la emergencia clim\u00e1tica.\" \/>\n<meta name=\"robots\" content=\"index, follow, max-snippet:-1, max-image-preview:large, max-video-preview:-1\" \/>\n<link rel=\"canonical\" href=\"https:\/\/greenteam.ufec.cat\/es\/2025\/06\/05\/climatica\/\" \/>\n<meta property=\"og:locale\" content=\"es_ES\" \/>\n<meta property=\"og:type\" content=\"article\" \/>\n<meta property=\"og:title\" content=\"\ud83c\udf0d D\u00eda Mundial del Medio Ambiente: el deporte, clave para un futuro sostenible - Green Team\" \/>\n<meta property=\"og:description\" content=\"En el D\u00eda Mundial del Medio Ambiente, queremos destacar el papel transformador del deporte en la lucha contra la emergencia clim\u00e1tica.\" \/>\n<meta property=\"og:url\" content=\"https:\/\/greenteam.ufec.cat\/es\/2025\/06\/05\/climatica\/\" \/>\n<meta property=\"og:site_name\" content=\"Green Team\" \/>\n<meta property=\"article:published_time\" content=\"2025-06-05T13:54:37+00:00\" \/>\n<meta property=\"article:modified_time\" content=\"2025-06-05T13:56:49+00:00\" \/>\n<meta property=\"og:image\" content=\"https:\/\/greenteam.ufec.cat\/wp-content\/uploads\/2025\/06\/pexels-dorothycastillo-2270328-1.jpg\" \/>\n\t<meta property=\"og:image:width\" content=\"1920\" \/>\n\t<meta property=\"og:image:height\" content=\"1280\" \/>\n\t<meta property=\"og:image:type\" content=\"image\/jpeg\" \/>\n<meta name=\"author\" content=\"Premsa UFEC\" \/>\n<meta name=\"twitter:card\" content=\"summary_large_image\" \/>\n<meta name=\"twitter:label1\" content=\"Escrito por\" \/>\n\t<meta name=\"twitter:data1\" content=\"Premsa UFEC\" \/>\n\t<meta name=\"twitter:label2\" content=\"Tiempo de lectura\" \/>\n\t<meta name=\"twitter:data2\" content=\"1 minuto\" \/>\n<script type=\"application\/ld+json\" class=\"yoast-schema-graph\">{\"@context\":\"https:\/\/schema.org\",\"@graph\":[{\"@type\":\"Article\",\"@id\":\"https:\/\/greenteam.ufec.cat\/es\/2025\/06\/05\/climatica\/#article\",\"isPartOf\":{\"@id\":\"https:\/\/greenteam.ufec.cat\/es\/2025\/06\/05\/climatica\/\"},\"author\":{\"name\":\"Premsa UFEC\",\"@id\":\"https:\/\/greenteam.ufec.cat\/es\/#\/schema\/person\/cb52c2d07d101573fcb8d9a3604285a4\"},\"headline\":\"\ud83c\udf0d D\u00eda Mundial del Medio Ambiente: el deporte, clave para un futuro sostenible\",\"datePublished\":\"2025-06-05T13:54:37+00:00\",\"dateModified\":\"2025-06-05T13:56:49+00:00\",\"mainEntityOfPage\":{\"@id\":\"https:\/\/greenteam.ufec.cat\/es\/2025\/06\/05\/climatica\/\"},\"wordCount\":197,\"commentCount\":0,\"publisher\":{\"@id\":\"https:\/\/greenteam.ufec.cat\/es\/#organization\"},\"articleSection\":[\"Sin categorizar\"],\"inLanguage\":\"es\",\"potentialAction\":[{\"@type\":\"CommentAction\",\"name\":\"Comment\",\"target\":[\"https:\/\/greenteam.ufec.cat\/es\/2025\/06\/05\/climatica\/#respond\"]}]},{\"@type\":\"WebPage\",\"@id\":\"https:\/\/greenteam.ufec.cat\/es\/2025\/06\/05\/climatica\/\",\"url\":\"https:\/\/greenteam.ufec.cat\/es\/2025\/06\/05\/climatica\/\",\"name\":\"\ud83c\udf0d D\u00eda Mundial del Medio Ambiente: el deporte, clave para un futuro sostenible - Green Team\",\"isPartOf\":{\"@id\":\"https:\/\/greenteam.ufec.cat\/es\/#website\"},\"datePublished\":\"2025-06-05T13:54:37+00:00\",\"dateModified\":\"2025-06-05T13:56:49+00:00\",\"description\":\"En el D\u00eda Mundial del Medio Ambiente, queremos destacar el papel transformador del deporte en la lucha contra la emergencia clim\u00e1tica.\",\"breadcrumb\":{\"@id\":\"https:\/\/greenteam.ufec.cat\/es\/2025\/06\/05\/climatica\/#breadcrumb\"},\"inLanguage\":\"es\",\"potentialAction\":[{\"@type\":\"ReadAction\",\"target\":[\"https:\/\/greenteam.ufec.cat\/es\/2025\/06\/05\/climatica\/\"]}]},{\"@type\":\"BreadcrumbList\",\"@id\":\"https:\/\/greenteam.ufec.cat\/es\/2025\/06\/05\/climatica\/#breadcrumb\",\"itemListElement\":[{\"@type\":\"ListItem\",\"position\":1,\"name\":\"Portada\",\"item\":\"https:\/\/greenteam.ufec.cat\/es\/\"},{\"@type\":\"ListItem\",\"position\":2,\"name\":\"\ud83c\udf0d D\u00eda Mundial del Medio Ambiente: el deporte, clave para un futuro sostenible\"}]},{\"@type\":\"WebSite\",\"@id\":\"https:\/\/greenteam.ufec.cat\/es\/#website\",\"url\":\"https:\/\/greenteam.ufec.cat\/es\/\",\"name\":\"Green Team\",\"description\":\"Fostering sustainable, eco friendly and inclusive sporting events\",\"publisher\":{\"@id\":\"https:\/\/greenteam.ufec.cat\/es\/#organization\"},\"potentialAction\":[{\"@type\":\"SearchAction\",\"target\":{\"@type\":\"EntryPoint\",\"urlTemplate\":\"https:\/\/greenteam.ufec.cat\/es\/?s={search_term_string}\"},\"query-input\":\"required name=search_term_string\"}],\"inLanguage\":\"es\"},{\"@type\":\"Organization\",\"@id\":\"https:\/\/greenteam.ufec.cat\/es\/#organization\",\"name\":\"Green Team\",\"url\":\"https:\/\/greenteam.ufec.cat\/es\/\",\"logo\":{\"@type\":\"ImageObject\",\"inLanguage\":\"es\",\"@id\":\"https:\/\/greenteam.ufec.cat\/es\/#\/schema\/logo\/image\/\",\"url\":\"https:\/\/greenteam.ufec.cat\/wp-content\/uploads\/2022\/08\/LOGO-GREEN-TEAM.svg\",\"contentUrl\":\"https:\/\/greenteam.ufec.cat\/wp-content\/uploads\/2022\/08\/LOGO-GREEN-TEAM.svg\",\"width\":1920,\"height\":600,\"caption\":\"Green Team\"},\"image\":{\"@id\":\"https:\/\/greenteam.ufec.cat\/es\/#\/schema\/logo\/image\/\"}},{\"@type\":\"Person\",\"@id\":\"https:\/\/greenteam.ufec.cat\/es\/#\/schema\/person\/cb52c2d07d101573fcb8d9a3604285a4\",\"name\":\"Premsa UFEC\",\"image\":{\"@type\":\"ImageObject\",\"inLanguage\":\"es\",\"@id\":\"https:\/\/greenteam.ufec.cat\/es\/#\/schema\/person\/image\/\",\"url\":\"https:\/\/secure.gravatar.com\/avatar\/3c332e4ba74306f0f021b2e2eb15d86eb35143b4c4aec9e52241d40ff06608d9?s=96&d=mm&r=g\",\"contentUrl\":\"https:\/\/secure.gravatar.com\/avatar\/3c332e4ba74306f0f021b2e2eb15d86eb35143b4c4aec9e52241d40ff06608d9?s=96&d=mm&r=g\",\"caption\":\"Premsa UFEC\"},\"url\":\"https:\/\/greenteam.ufec.cat\/es\/author\/premsaufec-cat\/\"}]}<\/script>\n<!-- \/ Yoast SEO plugin. -->","yoast_head_json":{"title":"\ud83c\udf0d D\u00eda Mundial del Medio Ambiente: el deporte, clave para un futuro sostenible - Green Team","description":"En el D\u00eda Mundial del Medio Ambiente, queremos destacar el papel transformador del deporte en la lucha contra la emergencia clim\u00e1tica.","robots":{"index":"index","follow":"follow","max-snippet":"max-snippet:-1","max-image-preview":"max-image-preview:large","max-video-preview":"max-video-preview:-1"},"canonical":"https:\/\/greenteam.ufec.cat\/es\/2025\/06\/05\/climatica\/","og_locale":"es_ES","og_type":"article","og_title":"\ud83c\udf0d D\u00eda Mundial del Medio Ambiente: el deporte, clave para un futuro sostenible - Green Team","og_description":"En el D\u00eda Mundial del Medio Ambiente, queremos destacar el papel transformador del deporte en la lucha contra la emergencia clim\u00e1tica.","og_url":"https:\/\/greenteam.ufec.cat\/es\/2025\/06\/05\/climatica\/","og_site_name":"Green Team","article_published_time":"2025-06-05T13:54:37+00:00","article_modified_time":"2025-06-05T13:56:49+00:00","og_image":[{"width":1920,"height":1280,"url":"https:\/\/greenteam.ufec.cat\/wp-content\/uploads\/2025\/06\/pexels-dorothycastillo-2270328-1.jpg","type":"image\/jpeg"}],"author":"Premsa UFEC","twitter_card":"summary_large_image","twitter_misc":{"Escrito por":"Premsa UFEC","Tiempo de lectura":"1 minuto"},"schema":{"@context":"https:\/\/schema.org","@graph":[{"@type":"Article","@id":"https:\/\/greenteam.ufec.cat\/es\/2025\/06\/05\/climatica\/#article","isPartOf":{"@id":"https:\/\/greenteam.ufec.cat\/es\/2025\/06\/05\/climatica\/"},"author":{"name":"Premsa UFEC","@id":"https:\/\/greenteam.ufec.cat\/es\/#\/schema\/person\/cb52c2d07d101573fcb8d9a3604285a4"},"headline":"\ud83c\udf0d D\u00eda Mundial del Medio Ambiente: el deporte, clave para un futuro sostenible","datePublished":"2025-06-05T13:54:37+00:00","dateModified":"2025-06-05T13:56:49+00:00","mainEntityOfPage":{"@id":"https:\/\/greenteam.ufec.cat\/es\/2025\/06\/05\/climatica\/"},"wordCount":197,"commentCount":0,"publisher":{"@id":"https:\/\/greenteam.ufec.cat\/es\/#organization"},"articleSection":["Sin categorizar"],"inLanguage":"es","potentialAction":[{"@type":"CommentAction","name":"Comment","target":["https:\/\/greenteam.ufec.cat\/es\/2025\/06\/05\/climatica\/#respond"]}]},{"@type":"WebPage","@id":"https:\/\/greenteam.ufec.cat\/es\/2025\/06\/05\/climatica\/","url":"https:\/\/greenteam.ufec.cat\/es\/2025\/06\/05\/climatica\/","name":"\ud83c\udf0d D\u00eda Mundial del Medio Ambiente: el deporte, clave para un futuro sostenible - Green Team","isPartOf":{"@id":"https:\/\/greenteam.ufec.cat\/es\/#website"},"datePublished":"2025-06-05T13:54:37+00:00","dateModified":"2025-06-05T13:56:49+00:00","description":"En el D\u00eda Mundial del Medio Ambiente, queremos destacar el papel transformador del deporte en la lucha contra la emergencia clim\u00e1tica.","breadcrumb":{"@id":"https:\/\/greenteam.ufec.cat\/es\/2025\/06\/05\/climatica\/#breadcrumb"},"inLanguage":"es","potentialAction":[{"@type":"ReadAction","target":["https:\/\/greenteam.ufec.cat\/es\/2025\/06\/05\/climatica\/"]}]},{"@type":"BreadcrumbList","@id":"https:\/\/greenteam.ufec.cat\/es\/2025\/06\/05\/climatica\/#breadcrumb","itemListElement":[{"@type":"ListItem","position":1,"name":"Portada","item":"https:\/\/greenteam.ufec.cat\/es\/"},{"@type":"ListItem","position":2,"name":"\ud83c\udf0d D\u00eda Mundial del Medio Ambiente: el deporte, clave para un futuro sostenible"}]},{"@type":"WebSite","@id":"https:\/\/greenteam.ufec.cat\/es\/#website","url":"https:\/\/greenteam.ufec.cat\/es\/","name":"Green Team","description":"Fostering sustainable, eco friendly and inclusive sporting events","publisher":{"@id":"https:\/\/greenteam.ufec.cat\/es\/#organization"},"potentialAction":[{"@type":"SearchAction","target":{"@type":"EntryPoint","urlTemplate":"https:\/\/greenteam.ufec.cat\/es\/?s={search_term_string}"},"query-input":"required name=search_term_string"}],"inLanguage":"es"},{"@type":"Organization","@id":"https:\/\/greenteam.ufec.cat\/es\/#organization","name":"Green Team","url":"https:\/\/greenteam.ufec.cat\/es\/","logo":{"@type":"ImageObject","inLanguage":"es","@id":"https:\/\/greenteam.ufec.cat\/es\/#\/schema\/logo\/image\/","url":"https:\/\/greenteam.ufec.cat\/wp-content\/uploads\/2022\/08\/LOGO-GREEN-TEAM.svg","contentUrl":"https:\/\/greenteam.ufec.cat\/wp-content\/uploads\/2022\/08\/LOGO-GREEN-TEAM.svg","width":1920,"height":600,"caption":"Green Team"},"image":{"@id":"https:\/\/greenteam.ufec.cat\/es\/#\/schema\/logo\/image\/"}},{"@type":"Person","@id":"https:\/\/greenteam.ufec.cat\/es\/#\/schema\/person\/cb52c2d07d101573fcb8d9a3604285a4","name":"Premsa UFEC","image":{"@type":"ImageObject","inLanguage":"es","@id":"https:\/\/greenteam.ufec.cat\/es\/#\/schema\/person\/image\/","url":"https:\/\/secure.gravatar.com\/avatar\/3c332e4ba74306f0f021b2e2eb15d86eb35143b4c4aec9e52241d40ff06608d9?s=96&d=mm&r=g","contentUrl":"https:\/\/secure.gravatar.com\/avatar\/3c332e4ba74306f0f021b2e2eb15d86eb35143b4c4aec9e52241d40ff06608d9?s=96&d=mm&r=g","caption":"Premsa UFEC"},"url":"https:\/\/greenteam.ufec.cat\/es\/author\/premsaufec-cat\/"}]}},"_links":{"self":[{"href":"https:\/\/greenteam.ufec.cat\/es\/wp-json\/wp\/v2\/posts\/3774","targetHints":{"allow":["GET"]}}],"collection":[{"href":"https:\/\/greenteam.ufec.cat\/es\/wp-json\/wp\/v2\/posts"}],"about":[{"href":"https:\/\/greenteam.ufec.cat\/es\/wp-json\/wp\/v2\/types\/post"}],"author":[{"embeddable":true,"href":"https:\/\/greenteam.ufec.cat\/es\/wp-json\/wp\/v2\/users\/2"}],"replies":[{"embeddable":true,"href":"https:\/\/greenteam.ufec.cat\/es\/wp-json\/wp\/v2\/comments?post=3774"}],"version-history":[{"count":1,"href":"https:\/\/greenteam.ufec.cat\/es\/wp-json\/wp\/v2\/posts\/3774\/revisions"}],"predecessor-version":[{"id":3775,"href":"https:\/\/greenteam.ufec.cat\/es\/wp-json\/wp\/v2\/posts\/3774\/revisions\/3775"}],"wp:featuredmedia":[{"embeddable":true,"href":"https:\/\/greenteam.ufec.cat\/es\/wp-json\/wp\/v2\/media\/3770"}],"wp:attachment":[{"href":"https:\/\/greenteam.ufec.cat\/es\/wp-json\/wp\/v2\/media?parent=3774"}],"wp:term":[{"taxonomy":"category","embeddable":true,"href":"https:\/\/greenteam.ufec.cat\/es\/wp-json\/wp\/v2\/categories?post=3774"},{"taxonomy":"post_tag","embeddable":true,"href":"https:\/\/greenteam.ufec.cat\/es\/wp-json\/wp\/v2\/tags?post=3774"}],"curies":[{"name":"wp","href":"https:\/\/api.w.org\/{rel}","templated":true}]}}