{"id":3742,"date":"2025-05-28T12:35:00","date_gmt":"2025-05-28T12:35:00","guid":{"rendered":"https:\/\/greenteam.ufec.cat\/?p=3742"},"modified":"2025-05-28T12:41:08","modified_gmt":"2025-05-28T12:41:08","slug":"ufec-y-su-compromiso-con-el-medio-ambiente","status":"publish","type":"post","link":"https:\/\/greenteam.ufec.cat\/es\/2025\/05\/28\/ufec-y-su-compromiso-con-el-medio-ambiente\/","title":{"rendered":"UFEC y su compromiso con el medio ambiente"},"content":{"rendered":"\t\t<div data-elementor-type=\"wp-post\" data-elementor-id=\"3742\" class=\"elementor elementor-3742\">\n\t\t\t\t\t\t\t\t\t<section class=\"elementor-section elementor-top-section elementor-element elementor-element-657897b elementor-section-boxed elementor-section-height-default elementor-section-height-default\" data-id=\"657897b\" data-element_type=\"section\">\n\t\t\t\t\t\t<div class=\"elementor-container elementor-column-gap-default\">\n\t\t\t\t\t<div class=\"elementor-column elementor-col-100 elementor-top-column elementor-element elementor-element-8624565\" data-id=\"8624565\" data-element_type=\"column\">\n\t\t\t<div class=\"elementor-widget-wrap elementor-element-populated\">\n\t\t\t\t\t\t\t\t<div class=\"elementor-element elementor-element-b0428ce elementor-widget elementor-widget-image\" data-id=\"b0428ce\" data-element_type=\"widget\" data-widget_type=\"image.default\">\n\t\t\t\t<div class=\"elementor-widget-container\">\n\t\t\t<style>\/*! elementor - v3.11.5 - 14-03-2023 *\/\n.elementor-widget-image{text-align:center}.elementor-widget-image a{display:inline-block}.elementor-widget-image a img[src$=\".svg\"]{width:48px}.elementor-widget-image img{vertical-align:middle;display:inline-block}<\/style>\t\t\t\t\t\t\t\t\t\t\t\t<img loading=\"lazy\" decoding=\"async\" width=\"800\" height=\"534\" src=\"https:\/\/greenteam.ufec.cat\/wp-content\/uploads\/2025\/05\/DD-1024x683.jpg\" class=\"attachment-large size-large wp-image-3744\" alt=\"\" srcset=\"https:\/\/greenteam.ufec.cat\/wp-content\/uploads\/2025\/05\/DD-1024x683.jpg 1024w, https:\/\/greenteam.ufec.cat\/wp-content\/uploads\/2025\/05\/DD-300x200.jpg 300w, https:\/\/greenteam.ufec.cat\/wp-content\/uploads\/2025\/05\/DD-768x512.jpg 768w, https:\/\/greenteam.ufec.cat\/wp-content\/uploads\/2025\/05\/DD-1536x1024.jpg 1536w, https:\/\/greenteam.ufec.cat\/wp-content\/uploads\/2025\/05\/DD.jpg 2048w\" sizes=\"auto, (max-width: 800px) 100vw, 800px\" \/>\t\t\t\t\t\t\t\t\t\t\t\t\t\t\t<\/div>\n\t\t\t\t<\/div>\n\t\t\t\t\t<\/div>\n\t\t<\/div>\n\t\t\t\t\t\t\t<\/div>\n\t\t<\/section>\n\t\t\t\t<section class=\"elementor-section elementor-top-section elementor-element elementor-element-226a929 elementor-section-boxed elementor-section-height-default elementor-section-height-default\" data-id=\"226a929\" data-element_type=\"section\">\n\t\t\t\t\t\t<div class=\"elementor-container elementor-column-gap-default\">\n\t\t\t\t\t<div class=\"elementor-column elementor-col-100 elementor-top-column elementor-element elementor-element-9a9911a\" data-id=\"9a9911a\" data-element_type=\"column\">\n\t\t\t<div class=\"elementor-widget-wrap elementor-element-populated\">\n\t\t\t\t\t\t\t\t<div class=\"elementor-element elementor-element-6c3f3c8 elementor-widget elementor-widget-text-editor\" data-id=\"6c3f3c8\" data-element_type=\"widget\" data-widget_type=\"text-editor.default\">\n\t\t\t\t<div class=\"elementor-widget-container\">\n\t\t\t<style>\/*! elementor - v3.11.5 - 14-03-2023 *\/\n.elementor-widget-text-editor.elementor-drop-cap-view-stacked .elementor-drop-cap{background-color:#818a91;color:#fff}.elementor-widget-text-editor.elementor-drop-cap-view-framed .elementor-drop-cap{color:#818a91;border:3px solid;background-color:transparent}.elementor-widget-text-editor:not(.elementor-drop-cap-view-default) .elementor-drop-cap{margin-top:8px}.elementor-widget-text-editor:not(.elementor-drop-cap-view-default) .elementor-drop-cap-letter{width:1em;height:1em}.elementor-widget-text-editor .elementor-drop-cap{float:left;text-align:center;line-height:1;font-size:50px}.elementor-widget-text-editor .elementor-drop-cap-letter{display:inline-block}<\/style>\t\t\t\t<p><b><i>La UFEC (Uni\u00f3n de Federaciones Deportivas de Catalu\u00f1a), coordinadora del proyecto Green Team, present\u00f3 un curso online para promover eventos deportivos ecol\u00f3gicos e inclusivos.<\/i><\/b><\/p><p>La UFEC ha presentado el proyecto <b>Green Team<\/b>, una iniciativa europea que lidera con orgullo y que est\u00e1 cofinanciada por el programa Erasmus+ de la Comisi\u00f3n Europea.<\/p><p>Este proyecto se convierte en una pieza clave en la estrategia de la UFEC para promover eventos deportivos m\u00e1s sostenibles, respetuosos con el medio ambiente e inclusivos, consolidando as\u00ed su compromiso con la protecci\u00f3n del planeta y la responsabilidad social.<\/p>\t\t\t\t\t\t<\/div>\n\t\t\t\t<\/div>\n\t\t\t\t\t<\/div>\n\t\t<\/div>\n\t\t\t\t\t\t\t<\/div>\n\t\t<\/section>\n\t\t\t\t<section class=\"elementor-section elementor-top-section elementor-element elementor-element-2f19e6d elementor-section-boxed elementor-section-height-default elementor-section-height-default\" data-id=\"2f19e6d\" data-element_type=\"section\">\n\t\t\t\t\t\t<div class=\"elementor-container elementor-column-gap-default\">\n\t\t\t\t\t<div class=\"elementor-column elementor-col-100 elementor-top-column elementor-element elementor-element-ca44531\" data-id=\"ca44531\" data-element_type=\"column\">\n\t\t\t<div class=\"elementor-widget-wrap elementor-element-populated\">\n\t\t\t\t\t\t\t\t<div class=\"elementor-element elementor-element-13f6b0d elementor-widget elementor-widget-image\" data-id=\"13f6b0d\" data-element_type=\"widget\" data-widget_type=\"image.default\">\n\t\t\t\t<div class=\"elementor-widget-container\">\n\t\t\t\t\t\t\t\t\t\t\t\t\t\t\t<img loading=\"lazy\" decoding=\"async\" width=\"800\" height=\"534\" src=\"https:\/\/greenteam.ufec.cat\/wp-content\/uploads\/2025\/05\/DDDD-1024x683.jpg\" class=\"attachment-large size-large wp-image-3747\" alt=\"\" srcset=\"https:\/\/greenteam.ufec.cat\/wp-content\/uploads\/2025\/05\/DDDD-1024x683.jpg 1024w, https:\/\/greenteam.ufec.cat\/wp-content\/uploads\/2025\/05\/DDDD-300x200.jpg 300w, https:\/\/greenteam.ufec.cat\/wp-content\/uploads\/2025\/05\/DDDD-768x512.jpg 768w, https:\/\/greenteam.ufec.cat\/wp-content\/uploads\/2025\/05\/DDDD-1536x1024.jpg 1536w, https:\/\/greenteam.ufec.cat\/wp-content\/uploads\/2025\/05\/DDDD.jpg 2048w\" sizes=\"auto, (max-width: 800px) 100vw, 800px\" \/>\t\t\t\t\t\t\t\t\t\t\t\t\t\t\t<\/div>\n\t\t\t\t<\/div>\n\t\t\t\t\t<\/div>\n\t\t<\/div>\n\t\t\t\t\t\t\t<\/div>\n\t\t<\/section>\n\t\t\t\t<section class=\"elementor-section elementor-top-section elementor-element elementor-element-98dd94c elementor-section-boxed elementor-section-height-default elementor-section-height-default\" data-id=\"98dd94c\" data-element_type=\"section\">\n\t\t\t\t\t\t<div class=\"elementor-container elementor-column-gap-default\">\n\t\t\t\t\t<div class=\"elementor-column elementor-col-100 elementor-top-column elementor-element elementor-element-a61dee5\" data-id=\"a61dee5\" data-element_type=\"column\">\n\t\t\t<div class=\"elementor-widget-wrap elementor-element-populated\">\n\t\t\t\t\t\t\t\t<div class=\"elementor-element elementor-element-d6ca9cf elementor-widget elementor-widget-text-editor\" data-id=\"d6ca9cf\" data-element_type=\"widget\" data-widget_type=\"text-editor.default\">\n\t\t\t\t<div class=\"elementor-widget-container\">\n\t\t\t\t\t\t\t<p>Conscientes del impacto medioambiental que pueden generar las actividades deportivas, desde la UFEC queremos ser pioneros en la transformaci\u00f3n de las pr\u00e1cticas deportivas para hacerlas m\u00e1s sostenibles. Queremos adoptar una actitud proactiva en la lucha contra el cambio clim\u00e1tico y en la conservaci\u00f3n de los recursos naturales. Entendemos que, como instituci\u00f3n de referencia en el sector deportivo catal\u00e1n, tenemos la responsabilidad de inspirar, formar y fomentar el buen comportamiento tanto en las federaciones como en los clubes y deportistas, promoviendo una pr\u00e1ctica deportiva respetuosa con nuestro entorno.<\/p>\t\t\t\t\t\t<\/div>\n\t\t\t\t<\/div>\n\t\t\t\t\t<\/div>\n\t\t<\/div>\n\t\t\t\t\t\t\t<\/div>\n\t\t<\/section>\n\t\t\t\t<section class=\"elementor-section elementor-top-section elementor-element elementor-element-3238e06 elementor-section-boxed elementor-section-height-default elementor-section-height-default\" data-id=\"3238e06\" data-element_type=\"section\">\n\t\t\t\t\t\t<div class=\"elementor-container elementor-column-gap-default\">\n\t\t\t\t\t<div class=\"elementor-column elementor-col-100 elementor-top-column elementor-element elementor-element-c945105\" data-id=\"c945105\" data-element_type=\"column\">\n\t\t\t<div class=\"elementor-widget-wrap elementor-element-populated\">\n\t\t\t\t\t\t\t\t<div class=\"elementor-element elementor-element-a445288 elementor-widget elementor-widget-text-editor\" data-id=\"a445288\" data-element_type=\"widget\" data-widget_type=\"text-editor.default\">\n\t\t\t\t<div class=\"elementor-widget-container\">\n\t\t\t\t\t\t\t<p>Recientemente, en el marco de la <b>Semana Europea del Deporte,<\/b> el equipo de la UFEC aprovech\u00f3 la oportunidad para presentar el <b>Proyecto Green Team<\/b> a las federaciones deportivas.<\/p>\t\t\t\t\t\t<\/div>\n\t\t\t\t<\/div>\n\t\t\t\t\t<\/div>\n\t\t<\/div>\n\t\t\t\t\t\t\t<\/div>\n\t\t<\/section>\n\t\t\t\t<section class=\"elementor-section elementor-top-section elementor-element elementor-element-868ea8b elementor-section-boxed elementor-section-height-default elementor-section-height-default\" data-id=\"868ea8b\" data-element_type=\"section\">\n\t\t\t\t\t\t<div class=\"elementor-container elementor-column-gap-default\">\n\t\t\t\t\t<div class=\"elementor-column elementor-col-100 elementor-top-column elementor-element elementor-element-0cda445\" data-id=\"0cda445\" data-element_type=\"column\">\n\t\t\t<div class=\"elementor-widget-wrap elementor-element-populated\">\n\t\t\t\t\t\t\t\t<div class=\"elementor-element elementor-element-46c6c8d elementor-widget elementor-widget-image\" data-id=\"46c6c8d\" data-element_type=\"widget\" data-widget_type=\"image.default\">\n\t\t\t\t<div class=\"elementor-widget-container\">\n\t\t\t\t\t\t\t\t\t\t\t\t\t\t\t<img loading=\"lazy\" decoding=\"async\" width=\"800\" height=\"534\" src=\"https:\/\/greenteam.ufec.cat\/wp-content\/uploads\/2025\/05\/DD-1-1024x683.jpg\" class=\"attachment-large size-large wp-image-3750\" alt=\"\" srcset=\"https:\/\/greenteam.ufec.cat\/wp-content\/uploads\/2025\/05\/DD-1-1024x683.jpg 1024w, https:\/\/greenteam.ufec.cat\/wp-content\/uploads\/2025\/05\/DD-1-300x200.jpg 300w, https:\/\/greenteam.ufec.cat\/wp-content\/uploads\/2025\/05\/DD-1-768x512.jpg 768w, https:\/\/greenteam.ufec.cat\/wp-content\/uploads\/2025\/05\/DD-1-1536x1024.jpg 1536w, https:\/\/greenteam.ufec.cat\/wp-content\/uploads\/2025\/05\/DD-1.jpg 2048w\" sizes=\"auto, (max-width: 800px) 100vw, 800px\" \/>\t\t\t\t\t\t\t\t\t\t\t\t\t\t\t<\/div>\n\t\t\t\t<\/div>\n\t\t\t\t\t<\/div>\n\t\t<\/div>\n\t\t\t\t\t\t\t<\/div>\n\t\t<\/section>\n\t\t\t\t<section class=\"elementor-section elementor-top-section elementor-element elementor-element-9f51df3 elementor-section-boxed elementor-section-height-default elementor-section-height-default\" data-id=\"9f51df3\" data-element_type=\"section\">\n\t\t\t\t\t\t<div class=\"elementor-container elementor-column-gap-default\">\n\t\t\t\t\t<div class=\"elementor-column elementor-col-100 elementor-top-column elementor-element elementor-element-3dd439c\" data-id=\"3dd439c\" data-element_type=\"column\">\n\t\t\t<div class=\"elementor-widget-wrap elementor-element-populated\">\n\t\t\t\t\t\t\t\t<div class=\"elementor-element elementor-element-17d8ba4 elementor-widget elementor-widget-text-editor\" data-id=\"17d8ba4\" data-element_type=\"widget\" data-widget_type=\"text-editor.default\">\n\t\t\t\t<div class=\"elementor-widget-container\">\n\t\t\t\t\t\t\t<p>Uno de los resultados m\u00e1s esperados del proyecto es el <b>curso de aprendizaje en l\u00ednea sobre la organizaci\u00f3n de eventos deportivos sostenibles<\/b>, al que podr\u00e1 acceder gratuitamente cualquier actor del mundo del deporte. Esta <b>herramienta educativa<\/b> no solo proporciona conocimientos pr\u00e1cticos sobre <b>c\u00f3mo organizar eventos ecol\u00f3gicos<\/b>, sino que tambi\u00e9n refuerza la importancia de incorporar valores como la sostenibilidad y la inclusi\u00f3n en el d\u00eda a d\u00eda del deporte.<\/p><p>El <b>Proyecto Green Team<\/b> no solo tiene como objetivo <b>minimizar el impacto medioambiental de los eventos deportivos<\/b>, sino que tambi\u00e9n hace hincapi\u00e9 en la <b>integraci\u00f3n social<\/b>, promoviendo mecanismos para que los grupos m\u00e1s vulnerables y en riesgo de exclusi\u00f3n puedan participar activamente en las actividades deportivas. Por lo tanto, este proyecto no solo es una oportunidad para transformar el deporte en una herramienta para la protecci\u00f3n del medio ambiente, sino tambi\u00e9n para <b>promover la justicia social<\/b>.<\/p><p><b>En UFEC estamos convencidos de que el futuro del deporte debe ser verde e inclusivo.<\/b> Por eso nos esforzamos por convertirnos en un modelo a seguir, no solo en t\u00e9rminos competitivos, sino tambi\u00e9n como <b>impulsores de un cambio necesario hacia un deporte m\u00e1s responsable con el medio ambiente y la sociedad.<\/b><\/p>\t\t\t\t\t\t<\/div>\n\t\t\t\t<\/div>\n\t\t\t\t\t<\/div>\n\t\t<\/div>\n\t\t\t\t\t\t\t<\/div>\n\t\t<\/section>\n\t\t\t\t\t\t\t<\/div>\n\t\t","protected":false},"excerpt":{"rendered":"<p>La UFEC (Uni\u00f3n de Federaciones Deportivas de Catalu\u00f1a), coordinadora del proyecto Green Team, present\u00f3 un curso online para promover eventos deportivos ecol\u00f3gicos e inclusivos. La UFEC ha presentado el proyecto Green Team, una iniciativa europea que lidera con orgullo y que est\u00e1 cofinanciada por el programa Erasmus+ de la Comisi\u00f3n Europea. Este proyecto se convierte [&hellip;]<\/p>\n","protected":false},"author":2,"featured_media":0,"comment_status":"open","ping_status":"closed","sticky":false,"template":"","format":"standard","meta":{"footnotes":""},"categories":[11],"tags":[],"class_list":["post-3742","post","type-post","status-publish","format-standard","hentry","category-sin-categorizar"],"yoast_head":"<!-- This site is optimized with the Yoast SEO plugin v20.3 - https:\/\/yoast.com\/wordpress\/plugins\/seo\/ -->\n<title>UFEC y su compromiso con el medio ambiente - Green Team<\/title>\n<meta name=\"robots\" content=\"index, follow, max-snippet:-1, max-image-preview:large, max-video-preview:-1\" \/>\n<link rel=\"canonical\" href=\"https:\/\/greenteam.ufec.cat\/es\/2025\/05\/28\/ufec-y-su-compromiso-con-el-medio-ambiente\/\" \/>\n<meta property=\"og:locale\" content=\"es_ES\" \/>\n<meta property=\"og:type\" content=\"article\" \/>\n<meta property=\"og:title\" content=\"UFEC y su compromiso con el medio ambiente - Green Team\" \/>\n<meta property=\"og:description\" content=\"La UFEC (Uni\u00f3n de Federaciones Deportivas de Catalu\u00f1a), coordinadora del proyecto Green Team, present\u00f3 un curso online para promover eventos deportivos ecol\u00f3gicos e inclusivos. La UFEC ha presentado el proyecto Green Team, una iniciativa europea que lidera con orgullo y que est\u00e1 cofinanciada por el programa Erasmus+ de la Comisi\u00f3n Europea. Este proyecto se convierte [&hellip;]\" \/>\n<meta property=\"og:url\" content=\"https:\/\/greenteam.ufec.cat\/es\/2025\/05\/28\/ufec-y-su-compromiso-con-el-medio-ambiente\/\" \/>\n<meta property=\"og:site_name\" content=\"Green Team\" \/>\n<meta property=\"article:published_time\" content=\"2025-05-28T12:35:00+00:00\" \/>\n<meta property=\"article:modified_time\" content=\"2025-05-28T12:41:08+00:00\" \/>\n<meta property=\"og:image\" content=\"https:\/\/greenteam.ufec.cat\/wp-content\/uploads\/2025\/05\/DD-1024x683.jpg\" \/>\n<meta name=\"author\" content=\"Premsa UFEC\" \/>\n<meta name=\"twitter:card\" content=\"summary_large_image\" \/>\n<meta name=\"twitter:label1\" content=\"Escrito por\" \/>\n\t<meta name=\"twitter:data1\" content=\"Premsa UFEC\" \/>\n\t<meta name=\"twitter:label2\" content=\"Tiempo de lectura\" \/>\n\t<meta name=\"twitter:data2\" content=\"3 minutos\" \/>\n<script type=\"application\/ld+json\" class=\"yoast-schema-graph\">{\"@context\":\"https:\/\/schema.org\",\"@graph\":[{\"@type\":\"Article\",\"@id\":\"https:\/\/greenteam.ufec.cat\/es\/2025\/05\/28\/ufec-y-su-compromiso-con-el-medio-ambiente\/#article\",\"isPartOf\":{\"@id\":\"https:\/\/greenteam.ufec.cat\/es\/2025\/05\/28\/ufec-y-su-compromiso-con-el-medio-ambiente\/\"},\"author\":{\"name\":\"Premsa UFEC\",\"@id\":\"https:\/\/greenteam.ufec.cat\/es\/#\/schema\/person\/cb52c2d07d101573fcb8d9a3604285a4\"},\"headline\":\"UFEC y su compromiso con el medio ambiente\",\"datePublished\":\"2025-05-28T12:35:00+00:00\",\"dateModified\":\"2025-05-28T12:41:08+00:00\",\"mainEntityOfPage\":{\"@id\":\"https:\/\/greenteam.ufec.cat\/es\/2025\/05\/28\/ufec-y-su-compromiso-con-el-medio-ambiente\/\"},\"wordCount\":442,\"commentCount\":0,\"publisher\":{\"@id\":\"https:\/\/greenteam.ufec.cat\/es\/#organization\"},\"articleSection\":[\"Sin categorizar\"],\"inLanguage\":\"es\",\"potentialAction\":[{\"@type\":\"CommentAction\",\"name\":\"Comment\",\"target\":[\"https:\/\/greenteam.ufec.cat\/es\/2025\/05\/28\/ufec-y-su-compromiso-con-el-medio-ambiente\/#respond\"]}]},{\"@type\":\"WebPage\",\"@id\":\"https:\/\/greenteam.ufec.cat\/es\/2025\/05\/28\/ufec-y-su-compromiso-con-el-medio-ambiente\/\",\"url\":\"https:\/\/greenteam.ufec.cat\/es\/2025\/05\/28\/ufec-y-su-compromiso-con-el-medio-ambiente\/\",\"name\":\"UFEC y su compromiso con el medio ambiente - Green Team\",\"isPartOf\":{\"@id\":\"https:\/\/greenteam.ufec.cat\/es\/#website\"},\"datePublished\":\"2025-05-28T12:35:00+00:00\",\"dateModified\":\"2025-05-28T12:41:08+00:00\",\"breadcrumb\":{\"@id\":\"https:\/\/greenteam.ufec.cat\/es\/2025\/05\/28\/ufec-y-su-compromiso-con-el-medio-ambiente\/#breadcrumb\"},\"inLanguage\":\"es\",\"potentialAction\":[{\"@type\":\"ReadAction\",\"target\":[\"https:\/\/greenteam.ufec.cat\/es\/2025\/05\/28\/ufec-y-su-compromiso-con-el-medio-ambiente\/\"]}]},{\"@type\":\"BreadcrumbList\",\"@id\":\"https:\/\/greenteam.ufec.cat\/es\/2025\/05\/28\/ufec-y-su-compromiso-con-el-medio-ambiente\/#breadcrumb\",\"itemListElement\":[{\"@type\":\"ListItem\",\"position\":1,\"name\":\"Portada\",\"item\":\"https:\/\/greenteam.ufec.cat\/es\/\"},{\"@type\":\"ListItem\",\"position\":2,\"name\":\"UFEC y su compromiso con el medio ambiente\"}]},{\"@type\":\"WebSite\",\"@id\":\"https:\/\/greenteam.ufec.cat\/es\/#website\",\"url\":\"https:\/\/greenteam.ufec.cat\/es\/\",\"name\":\"Green Team\",\"description\":\"Fostering sustainable, eco friendly and inclusive sporting events\",\"publisher\":{\"@id\":\"https:\/\/greenteam.ufec.cat\/es\/#organization\"},\"potentialAction\":[{\"@type\":\"SearchAction\",\"target\":{\"@type\":\"EntryPoint\",\"urlTemplate\":\"https:\/\/greenteam.ufec.cat\/es\/?s={search_term_string}\"},\"query-input\":\"required name=search_term_string\"}],\"inLanguage\":\"es\"},{\"@type\":\"Organization\",\"@id\":\"https:\/\/greenteam.ufec.cat\/es\/#organization\",\"name\":\"Green Team\",\"url\":\"https:\/\/greenteam.ufec.cat\/es\/\",\"logo\":{\"@type\":\"ImageObject\",\"inLanguage\":\"es\",\"@id\":\"https:\/\/greenteam.ufec.cat\/es\/#\/schema\/logo\/image\/\",\"url\":\"https:\/\/greenteam.ufec.cat\/wp-content\/uploads\/2022\/08\/LOGO-GREEN-TEAM.svg\",\"contentUrl\":\"https:\/\/greenteam.ufec.cat\/wp-content\/uploads\/2022\/08\/LOGO-GREEN-TEAM.svg\",\"width\":1920,\"height\":600,\"caption\":\"Green Team\"},\"image\":{\"@id\":\"https:\/\/greenteam.ufec.cat\/es\/#\/schema\/logo\/image\/\"}},{\"@type\":\"Person\",\"@id\":\"https:\/\/greenteam.ufec.cat\/es\/#\/schema\/person\/cb52c2d07d101573fcb8d9a3604285a4\",\"name\":\"Premsa UFEC\",\"image\":{\"@type\":\"ImageObject\",\"inLanguage\":\"es\",\"@id\":\"https:\/\/greenteam.ufec.cat\/es\/#\/schema\/person\/image\/\",\"url\":\"https:\/\/secure.gravatar.com\/avatar\/3c332e4ba74306f0f021b2e2eb15d86eb35143b4c4aec9e52241d40ff06608d9?s=96&d=mm&r=g\",\"contentUrl\":\"https:\/\/secure.gravatar.com\/avatar\/3c332e4ba74306f0f021b2e2eb15d86eb35143b4c4aec9e52241d40ff06608d9?s=96&d=mm&r=g\",\"caption\":\"Premsa UFEC\"},\"url\":\"https:\/\/greenteam.ufec.cat\/es\/author\/premsaufec-cat\/\"}]}<\/script>\n<!-- \/ Yoast SEO plugin. -->","yoast_head_json":{"title":"UFEC y su compromiso con el medio ambiente - Green Team","robots":{"index":"index","follow":"follow","max-snippet":"max-snippet:-1","max-image-preview":"max-image-preview:large","max-video-preview":"max-video-preview:-1"},"canonical":"https:\/\/greenteam.ufec.cat\/es\/2025\/05\/28\/ufec-y-su-compromiso-con-el-medio-ambiente\/","og_locale":"es_ES","og_type":"article","og_title":"UFEC y su compromiso con el medio ambiente - Green Team","og_description":"La UFEC (Uni\u00f3n de Federaciones Deportivas de Catalu\u00f1a), coordinadora del proyecto Green Team, present\u00f3 un curso online para promover eventos deportivos ecol\u00f3gicos e inclusivos. La UFEC ha presentado el proyecto Green Team, una iniciativa europea que lidera con orgullo y que est\u00e1 cofinanciada por el programa Erasmus+ de la Comisi\u00f3n Europea. Este proyecto se convierte [&hellip;]","og_url":"https:\/\/greenteam.ufec.cat\/es\/2025\/05\/28\/ufec-y-su-compromiso-con-el-medio-ambiente\/","og_site_name":"Green Team","article_published_time":"2025-05-28T12:35:00+00:00","article_modified_time":"2025-05-28T12:41:08+00:00","og_image":[{"url":"https:\/\/greenteam.ufec.cat\/wp-content\/uploads\/2025\/05\/DD-1024x683.jpg"}],"author":"Premsa UFEC","twitter_card":"summary_large_image","twitter_misc":{"Escrito por":"Premsa UFEC","Tiempo de lectura":"3 minutos"},"schema":{"@context":"https:\/\/schema.org","@graph":[{"@type":"Article","@id":"https:\/\/greenteam.ufec.cat\/es\/2025\/05\/28\/ufec-y-su-compromiso-con-el-medio-ambiente\/#article","isPartOf":{"@id":"https:\/\/greenteam.ufec.cat\/es\/2025\/05\/28\/ufec-y-su-compromiso-con-el-medio-ambiente\/"},"author":{"name":"Premsa UFEC","@id":"https:\/\/greenteam.ufec.cat\/es\/#\/schema\/person\/cb52c2d07d101573fcb8d9a3604285a4"},"headline":"UFEC y su compromiso con el medio ambiente","datePublished":"2025-05-28T12:35:00+00:00","dateModified":"2025-05-28T12:41:08+00:00","mainEntityOfPage":{"@id":"https:\/\/greenteam.ufec.cat\/es\/2025\/05\/28\/ufec-y-su-compromiso-con-el-medio-ambiente\/"},"wordCount":442,"commentCount":0,"publisher":{"@id":"https:\/\/greenteam.ufec.cat\/es\/#organization"},"articleSection":["Sin categorizar"],"inLanguage":"es","potentialAction":[{"@type":"CommentAction","name":"Comment","target":["https:\/\/greenteam.ufec.cat\/es\/2025\/05\/28\/ufec-y-su-compromiso-con-el-medio-ambiente\/#respond"]}]},{"@type":"WebPage","@id":"https:\/\/greenteam.ufec.cat\/es\/2025\/05\/28\/ufec-y-su-compromiso-con-el-medio-ambiente\/","url":"https:\/\/greenteam.ufec.cat\/es\/2025\/05\/28\/ufec-y-su-compromiso-con-el-medio-ambiente\/","name":"UFEC y su compromiso con el medio ambiente - Green Team","isPartOf":{"@id":"https:\/\/greenteam.ufec.cat\/es\/#website"},"datePublished":"2025-05-28T12:35:00+00:00","dateModified":"2025-05-28T12:41:08+00:00","breadcrumb":{"@id":"https:\/\/greenteam.ufec.cat\/es\/2025\/05\/28\/ufec-y-su-compromiso-con-el-medio-ambiente\/#breadcrumb"},"inLanguage":"es","potentialAction":[{"@type":"ReadAction","target":["https:\/\/greenteam.ufec.cat\/es\/2025\/05\/28\/ufec-y-su-compromiso-con-el-medio-ambiente\/"]}]},{"@type":"BreadcrumbList","@id":"https:\/\/greenteam.ufec.cat\/es\/2025\/05\/28\/ufec-y-su-compromiso-con-el-medio-ambiente\/#breadcrumb","itemListElement":[{"@type":"ListItem","position":1,"name":"Portada","item":"https:\/\/greenteam.ufec.cat\/es\/"},{"@type":"ListItem","position":2,"name":"UFEC y su compromiso con el medio ambiente"}]},{"@type":"WebSite","@id":"https:\/\/greenteam.ufec.cat\/es\/#website","url":"https:\/\/greenteam.ufec.cat\/es\/","name":"Green Team","description":"Fostering sustainable, eco friendly and inclusive sporting events","publisher":{"@id":"https:\/\/greenteam.ufec.cat\/es\/#organization"},"potentialAction":[{"@type":"SearchAction","target":{"@type":"EntryPoint","urlTemplate":"https:\/\/greenteam.ufec.cat\/es\/?s={search_term_string}"},"query-input":"required name=search_term_string"}],"inLanguage":"es"},{"@type":"Organization","@id":"https:\/\/greenteam.ufec.cat\/es\/#organization","name":"Green Team","url":"https:\/\/greenteam.ufec.cat\/es\/","logo":{"@type":"ImageObject","inLanguage":"es","@id":"https:\/\/greenteam.ufec.cat\/es\/#\/schema\/logo\/image\/","url":"https:\/\/greenteam.ufec.cat\/wp-content\/uploads\/2022\/08\/LOGO-GREEN-TEAM.svg","contentUrl":"https:\/\/greenteam.ufec.cat\/wp-content\/uploads\/2022\/08\/LOGO-GREEN-TEAM.svg","width":1920,"height":600,"caption":"Green Team"},"image":{"@id":"https:\/\/greenteam.ufec.cat\/es\/#\/schema\/logo\/image\/"}},{"@type":"Person","@id":"https:\/\/greenteam.ufec.cat\/es\/#\/schema\/person\/cb52c2d07d101573fcb8d9a3604285a4","name":"Premsa UFEC","image":{"@type":"ImageObject","inLanguage":"es","@id":"https:\/\/greenteam.ufec.cat\/es\/#\/schema\/person\/image\/","url":"https:\/\/secure.gravatar.com\/avatar\/3c332e4ba74306f0f021b2e2eb15d86eb35143b4c4aec9e52241d40ff06608d9?s=96&d=mm&r=g","contentUrl":"https:\/\/secure.gravatar.com\/avatar\/3c332e4ba74306f0f021b2e2eb15d86eb35143b4c4aec9e52241d40ff06608d9?s=96&d=mm&r=g","caption":"Premsa UFEC"},"url":"https:\/\/greenteam.ufec.cat\/es\/author\/premsaufec-cat\/"}]}},"_links":{"self":[{"href":"https:\/\/greenteam.ufec.cat\/es\/wp-json\/wp\/v2\/posts\/3742","targetHints":{"allow":["GET"]}}],"collection":[{"href":"https:\/\/greenteam.ufec.cat\/es\/wp-json\/wp\/v2\/posts"}],"about":[{"href":"https:\/\/greenteam.ufec.cat\/es\/wp-json\/wp\/v2\/types\/post"}],"author":[{"embeddable":true,"href":"https:\/\/greenteam.ufec.cat\/es\/wp-json\/wp\/v2\/users\/2"}],"replies":[{"embeddable":true,"href":"https:\/\/greenteam.ufec.cat\/es\/wp-json\/wp\/v2\/comments?post=3742"}],"version-history":[{"count":4,"href":"https:\/\/greenteam.ufec.cat\/es\/wp-json\/wp\/v2\/posts\/3742\/revisions"}],"predecessor-version":[{"id":3756,"href":"https:\/\/greenteam.ufec.cat\/es\/wp-json\/wp\/v2\/posts\/3742\/revisions\/3756"}],"wp:attachment":[{"href":"https:\/\/greenteam.ufec.cat\/es\/wp-json\/wp\/v2\/media?parent=3742"}],"wp:term":[{"taxonomy":"category","embeddable":true,"href":"https:\/\/greenteam.ufec.cat\/es\/wp-json\/wp\/v2\/categories?post=3742"},{"taxonomy":"post_tag","embeddable":true,"href":"https:\/\/greenteam.ufec.cat\/es\/wp-json\/wp\/v2\/tags?post=3742"}],"curies":[{"name":"wp","href":"https:\/\/api.w.org\/{rel}","templated":true}]}}