{"id":2979,"date":"2023-08-23T09:16:18","date_gmt":"2023-08-23T09:16:18","guid":{"rendered":"https:\/\/greenteam.ufec.cat\/?p=2979"},"modified":"2024-01-18T08:41:29","modified_gmt":"2024-01-18T08:41:29","slug":"petit-pas-aps-presenta-el-proyecto-green-team-a-alumnos-de-la-facultad-de-educacion-fisica","status":"publish","type":"post","link":"https:\/\/greenteam.ufec.cat\/es\/2023\/08\/23\/petit-pas-aps-presenta-el-proyecto-green-team-a-alumnos-de-la-facultad-de-educacion-fisica\/","title":{"rendered":"Petit Pas aps presenta el proyecto &#8216;Green Team&#8217; a alumnos de la Facultad de Educaci\u00f3n F\u00edsica"},"content":{"rendered":"\n<p><strong>Fabiola Porcelli<\/strong>, miembro del Green Team y responsable del proyecto de Petit Pas, present\u00f3 el proyecto el pasado 3 de julio en un acto organizado para promover comportamientos responsables y conscientes del medio ambiente.<\/p>\n\n\n\n<p>\u201cEl binomio deporte y medio ambiente ha adquirido una importancia cada vez mayor a lo largo de los a\u00f1os, tanto para poder modificar las estrategias de deportistas y clubes deportivos orientadas a incluir elementos como la defensa de los recursos ambientales y la lucha contra la contaminaci\u00f3n.<\/p>\n\n\n\n<p>El contacto con el medio ambiente permite desarrollar una conciencia medioambiental madura gracias a una interacci\u00f3n constructiva con la naturaleza, por lo que se implantan planes ecosostenibles. Incluso los peque\u00f1os trucos tambi\u00e9n pueden ser \u00fatiles: no utilice botellas de agua desechables, sino que utilice botellas que permitan evitar desperdicios, reduciendo as\u00ed el n\u00famero de residuos.<\/p>\n\n\n\n<p>En general, por tanto, la actividad deportiva aumenta la sensibilidad y la concienciaci\u00f3n de las personas hacia los temas medioambientales, y esto es a\u00fan m\u00e1s clave en deportistas que practican disciplinas en estrecho contacto con la naturaleza. Con el proyecto Green Team, queremos transformar la pr\u00e1ctica deportiva para contribuir a la protecci\u00f3n del medio ambiente con el objetivo tambi\u00e9n de promover la inclusi\u00f3n\u201d ha dicho Fabiola Porcelli.<\/p>\n\n\n\n<p>Los alumnos que han participado en el evento han manifestado su voluntad de implicarse en las actividades del proyecto y contribuir a la transformaci\u00f3n de los eventos deportivos en una direcci\u00f3n verde.<\/p>\n","protected":false},"excerpt":{"rendered":"<p>Fabiola Porcelli, miembro del Green Team y responsable del proyecto de Petit Pas, present\u00f3 el proyecto el pasado 3 de julio en un acto organizado para promover comportamientos responsables y conscientes del medio ambiente. \u201cEl binomio deporte y medio ambiente ha adquirido una importancia cada vez mayor a lo largo de los a\u00f1os, tanto para [&hellip;]<\/p>\n","protected":false},"author":5,"featured_media":2925,"comment_status":"open","ping_status":"closed","sticky":false,"template":"","format":"standard","meta":{"footnotes":""},"categories":[11],"tags":[],"class_list":["post-2979","post","type-post","status-publish","format-standard","has-post-thumbnail","hentry","category-sin-categorizar"],"yoast_head":"<!-- This site is optimized with the Yoast SEO plugin v20.3 - https:\/\/yoast.com\/wordpress\/plugins\/seo\/ -->\n<title>Petit Pas aps presenta el proyecto &#039;Green Team&#039; a alumnos de la Facultad de Educaci\u00f3n F\u00edsica - Green Team<\/title>\n<meta name=\"robots\" content=\"index, follow, max-snippet:-1, max-image-preview:large, max-video-preview:-1\" \/>\n<link rel=\"canonical\" href=\"https:\/\/greenteam.ufec.cat\/es\/2023\/08\/23\/petit-pas-aps-presenta-el-proyecto-green-team-a-alumnos-de-la-facultad-de-educacion-fisica\/\" \/>\n<meta property=\"og:locale\" content=\"es_ES\" \/>\n<meta property=\"og:type\" content=\"article\" \/>\n<meta property=\"og:title\" content=\"Petit Pas aps presenta el proyecto &#039;Green Team&#039; a alumnos de la Facultad de Educaci\u00f3n F\u00edsica - Green Team\" \/>\n<meta property=\"og:description\" content=\"Fabiola Porcelli, miembro del Green Team y responsable del proyecto de Petit Pas, present\u00f3 el proyecto el pasado 3 de julio en un acto organizado para promover comportamientos responsables y conscientes del medio ambiente. \u201cEl binomio deporte y medio ambiente ha adquirido una importancia cada vez mayor a lo largo de los a\u00f1os, tanto para [&hellip;]\" \/>\n<meta property=\"og:url\" content=\"https:\/\/greenteam.ufec.cat\/es\/2023\/08\/23\/petit-pas-aps-presenta-el-proyecto-green-team-a-alumnos-de-la-facultad-de-educacion-fisica\/\" \/>\n<meta property=\"og:site_name\" content=\"Green Team\" \/>\n<meta property=\"article:published_time\" content=\"2023-08-23T09:16:18+00:00\" \/>\n<meta property=\"article:modified_time\" content=\"2024-01-18T08:41:29+00:00\" \/>\n<meta property=\"og:image\" content=\"https:\/\/greenteam.ufec.cat\/wp-content\/uploads\/2023\/08\/green-team-1-scaled.jpg\" \/>\n\t<meta property=\"og:image:width\" content=\"2560\" \/>\n\t<meta property=\"og:image:height\" content=\"1920\" \/>\n\t<meta property=\"og:image:type\" content=\"image\/jpeg\" \/>\n<meta name=\"author\" content=\"Imatge UFEC\" \/>\n<meta name=\"twitter:card\" content=\"summary_large_image\" \/>\n<meta name=\"twitter:label1\" content=\"Escrito por\" \/>\n\t<meta name=\"twitter:data1\" content=\"Imatge UFEC\" \/>\n\t<meta name=\"twitter:label2\" content=\"Tiempo de lectura\" \/>\n\t<meta name=\"twitter:data2\" content=\"2 minutos\" \/>\n<script type=\"application\/ld+json\" class=\"yoast-schema-graph\">{\"@context\":\"https:\/\/schema.org\",\"@graph\":[{\"@type\":\"Article\",\"@id\":\"https:\/\/greenteam.ufec.cat\/es\/2023\/08\/23\/petit-pas-aps-presenta-el-proyecto-green-team-a-alumnos-de-la-facultad-de-educacion-fisica\/#article\",\"isPartOf\":{\"@id\":\"https:\/\/greenteam.ufec.cat\/es\/2023\/08\/23\/petit-pas-aps-presenta-el-proyecto-green-team-a-alumnos-de-la-facultad-de-educacion-fisica\/\"},\"author\":{\"name\":\"Imatge UFEC\",\"@id\":\"https:\/\/greenteam.ufec.cat\/es\/#\/schema\/person\/8e87e326c03b9313aad823dff5ee340a\"},\"headline\":\"Petit Pas aps presenta el proyecto &#8216;Green Team&#8217; a alumnos de la Facultad de Educaci\u00f3n F\u00edsica\",\"datePublished\":\"2023-08-23T09:16:18+00:00\",\"dateModified\":\"2024-01-18T08:41:29+00:00\",\"mainEntityOfPage\":{\"@id\":\"https:\/\/greenteam.ufec.cat\/es\/2023\/08\/23\/petit-pas-aps-presenta-el-proyecto-green-team-a-alumnos-de-la-facultad-de-educacion-fisica\/\"},\"wordCount\":267,\"commentCount\":0,\"publisher\":{\"@id\":\"https:\/\/greenteam.ufec.cat\/es\/#organization\"},\"articleSection\":[\"Sin categorizar\"],\"inLanguage\":\"es\",\"potentialAction\":[{\"@type\":\"CommentAction\",\"name\":\"Comment\",\"target\":[\"https:\/\/greenteam.ufec.cat\/es\/2023\/08\/23\/petit-pas-aps-presenta-el-proyecto-green-team-a-alumnos-de-la-facultad-de-educacion-fisica\/#respond\"]}]},{\"@type\":\"WebPage\",\"@id\":\"https:\/\/greenteam.ufec.cat\/es\/2023\/08\/23\/petit-pas-aps-presenta-el-proyecto-green-team-a-alumnos-de-la-facultad-de-educacion-fisica\/\",\"url\":\"https:\/\/greenteam.ufec.cat\/es\/2023\/08\/23\/petit-pas-aps-presenta-el-proyecto-green-team-a-alumnos-de-la-facultad-de-educacion-fisica\/\",\"name\":\"Petit Pas aps presenta el proyecto 'Green Team' a alumnos de la Facultad de Educaci\u00f3n F\u00edsica - Green Team\",\"isPartOf\":{\"@id\":\"https:\/\/greenteam.ufec.cat\/es\/#website\"},\"datePublished\":\"2023-08-23T09:16:18+00:00\",\"dateModified\":\"2024-01-18T08:41:29+00:00\",\"breadcrumb\":{\"@id\":\"https:\/\/greenteam.ufec.cat\/es\/2023\/08\/23\/petit-pas-aps-presenta-el-proyecto-green-team-a-alumnos-de-la-facultad-de-educacion-fisica\/#breadcrumb\"},\"inLanguage\":\"es\",\"potentialAction\":[{\"@type\":\"ReadAction\",\"target\":[\"https:\/\/greenteam.ufec.cat\/es\/2023\/08\/23\/petit-pas-aps-presenta-el-proyecto-green-team-a-alumnos-de-la-facultad-de-educacion-fisica\/\"]}]},{\"@type\":\"BreadcrumbList\",\"@id\":\"https:\/\/greenteam.ufec.cat\/es\/2023\/08\/23\/petit-pas-aps-presenta-el-proyecto-green-team-a-alumnos-de-la-facultad-de-educacion-fisica\/#breadcrumb\",\"itemListElement\":[{\"@type\":\"ListItem\",\"position\":1,\"name\":\"Portada\",\"item\":\"https:\/\/greenteam.ufec.cat\/es\/\"},{\"@type\":\"ListItem\",\"position\":2,\"name\":\"Petit Pas aps presenta el proyecto &#8216;Green Team&#8217; a alumnos de la Facultad de Educaci\u00f3n F\u00edsica\"}]},{\"@type\":\"WebSite\",\"@id\":\"https:\/\/greenteam.ufec.cat\/es\/#website\",\"url\":\"https:\/\/greenteam.ufec.cat\/es\/\",\"name\":\"Green Team\",\"description\":\"Fostering sustainable, eco friendly and inclusive sporting events\",\"publisher\":{\"@id\":\"https:\/\/greenteam.ufec.cat\/es\/#organization\"},\"potentialAction\":[{\"@type\":\"SearchAction\",\"target\":{\"@type\":\"EntryPoint\",\"urlTemplate\":\"https:\/\/greenteam.ufec.cat\/es\/?s={search_term_string}\"},\"query-input\":\"required name=search_term_string\"}],\"inLanguage\":\"es\"},{\"@type\":\"Organization\",\"@id\":\"https:\/\/greenteam.ufec.cat\/es\/#organization\",\"name\":\"Green Team\",\"url\":\"https:\/\/greenteam.ufec.cat\/es\/\",\"logo\":{\"@type\":\"ImageObject\",\"inLanguage\":\"es\",\"@id\":\"https:\/\/greenteam.ufec.cat\/es\/#\/schema\/logo\/image\/\",\"url\":\"https:\/\/greenteam.ufec.cat\/wp-content\/uploads\/2022\/08\/LOGO-GREEN-TEAM.svg\",\"contentUrl\":\"https:\/\/greenteam.ufec.cat\/wp-content\/uploads\/2022\/08\/LOGO-GREEN-TEAM.svg\",\"width\":1920,\"height\":600,\"caption\":\"Green Team\"},\"image\":{\"@id\":\"https:\/\/greenteam.ufec.cat\/es\/#\/schema\/logo\/image\/\"}},{\"@type\":\"Person\",\"@id\":\"https:\/\/greenteam.ufec.cat\/es\/#\/schema\/person\/8e87e326c03b9313aad823dff5ee340a\",\"name\":\"Imatge UFEC\",\"image\":{\"@type\":\"ImageObject\",\"inLanguage\":\"es\",\"@id\":\"https:\/\/greenteam.ufec.cat\/es\/#\/schema\/person\/image\/\",\"url\":\"https:\/\/secure.gravatar.com\/avatar\/28ae4051eb1aef941efdb9fd68cb41a0c623ba3b11c910877bded8dfc95f4bc1?s=96&d=mm&r=g\",\"contentUrl\":\"https:\/\/secure.gravatar.com\/avatar\/28ae4051eb1aef941efdb9fd68cb41a0c623ba3b11c910877bded8dfc95f4bc1?s=96&d=mm&r=g\",\"caption\":\"Imatge UFEC\"},\"url\":\"https:\/\/greenteam.ufec.cat\/es\/author\/imatgeufec-cat\/\"}]}<\/script>\n<!-- \/ Yoast SEO plugin. -->","yoast_head_json":{"title":"Petit Pas aps presenta el proyecto 'Green Team' a alumnos de la Facultad de Educaci\u00f3n F\u00edsica - Green Team","robots":{"index":"index","follow":"follow","max-snippet":"max-snippet:-1","max-image-preview":"max-image-preview:large","max-video-preview":"max-video-preview:-1"},"canonical":"https:\/\/greenteam.ufec.cat\/es\/2023\/08\/23\/petit-pas-aps-presenta-el-proyecto-green-team-a-alumnos-de-la-facultad-de-educacion-fisica\/","og_locale":"es_ES","og_type":"article","og_title":"Petit Pas aps presenta el proyecto 'Green Team' a alumnos de la Facultad de Educaci\u00f3n F\u00edsica - Green Team","og_description":"Fabiola Porcelli, miembro del Green Team y responsable del proyecto de Petit Pas, present\u00f3 el proyecto el pasado 3 de julio en un acto organizado para promover comportamientos responsables y conscientes del medio ambiente. \u201cEl binomio deporte y medio ambiente ha adquirido una importancia cada vez mayor a lo largo de los a\u00f1os, tanto para [&hellip;]","og_url":"https:\/\/greenteam.ufec.cat\/es\/2023\/08\/23\/petit-pas-aps-presenta-el-proyecto-green-team-a-alumnos-de-la-facultad-de-educacion-fisica\/","og_site_name":"Green Team","article_published_time":"2023-08-23T09:16:18+00:00","article_modified_time":"2024-01-18T08:41:29+00:00","og_image":[{"width":2560,"height":1920,"url":"https:\/\/greenteam.ufec.cat\/wp-content\/uploads\/2023\/08\/green-team-1-scaled.jpg","type":"image\/jpeg"}],"author":"Imatge UFEC","twitter_card":"summary_large_image","twitter_misc":{"Escrito por":"Imatge UFEC","Tiempo de lectura":"2 minutos"},"schema":{"@context":"https:\/\/schema.org","@graph":[{"@type":"Article","@id":"https:\/\/greenteam.ufec.cat\/es\/2023\/08\/23\/petit-pas-aps-presenta-el-proyecto-green-team-a-alumnos-de-la-facultad-de-educacion-fisica\/#article","isPartOf":{"@id":"https:\/\/greenteam.ufec.cat\/es\/2023\/08\/23\/petit-pas-aps-presenta-el-proyecto-green-team-a-alumnos-de-la-facultad-de-educacion-fisica\/"},"author":{"name":"Imatge UFEC","@id":"https:\/\/greenteam.ufec.cat\/es\/#\/schema\/person\/8e87e326c03b9313aad823dff5ee340a"},"headline":"Petit Pas aps presenta el proyecto &#8216;Green Team&#8217; a alumnos de la Facultad de Educaci\u00f3n F\u00edsica","datePublished":"2023-08-23T09:16:18+00:00","dateModified":"2024-01-18T08:41:29+00:00","mainEntityOfPage":{"@id":"https:\/\/greenteam.ufec.cat\/es\/2023\/08\/23\/petit-pas-aps-presenta-el-proyecto-green-team-a-alumnos-de-la-facultad-de-educacion-fisica\/"},"wordCount":267,"commentCount":0,"publisher":{"@id":"https:\/\/greenteam.ufec.cat\/es\/#organization"},"articleSection":["Sin categorizar"],"inLanguage":"es","potentialAction":[{"@type":"CommentAction","name":"Comment","target":["https:\/\/greenteam.ufec.cat\/es\/2023\/08\/23\/petit-pas-aps-presenta-el-proyecto-green-team-a-alumnos-de-la-facultad-de-educacion-fisica\/#respond"]}]},{"@type":"WebPage","@id":"https:\/\/greenteam.ufec.cat\/es\/2023\/08\/23\/petit-pas-aps-presenta-el-proyecto-green-team-a-alumnos-de-la-facultad-de-educacion-fisica\/","url":"https:\/\/greenteam.ufec.cat\/es\/2023\/08\/23\/petit-pas-aps-presenta-el-proyecto-green-team-a-alumnos-de-la-facultad-de-educacion-fisica\/","name":"Petit Pas aps presenta el proyecto 'Green Team' a alumnos de la Facultad de Educaci\u00f3n F\u00edsica - Green Team","isPartOf":{"@id":"https:\/\/greenteam.ufec.cat\/es\/#website"},"datePublished":"2023-08-23T09:16:18+00:00","dateModified":"2024-01-18T08:41:29+00:00","breadcrumb":{"@id":"https:\/\/greenteam.ufec.cat\/es\/2023\/08\/23\/petit-pas-aps-presenta-el-proyecto-green-team-a-alumnos-de-la-facultad-de-educacion-fisica\/#breadcrumb"},"inLanguage":"es","potentialAction":[{"@type":"ReadAction","target":["https:\/\/greenteam.ufec.cat\/es\/2023\/08\/23\/petit-pas-aps-presenta-el-proyecto-green-team-a-alumnos-de-la-facultad-de-educacion-fisica\/"]}]},{"@type":"BreadcrumbList","@id":"https:\/\/greenteam.ufec.cat\/es\/2023\/08\/23\/petit-pas-aps-presenta-el-proyecto-green-team-a-alumnos-de-la-facultad-de-educacion-fisica\/#breadcrumb","itemListElement":[{"@type":"ListItem","position":1,"name":"Portada","item":"https:\/\/greenteam.ufec.cat\/es\/"},{"@type":"ListItem","position":2,"name":"Petit Pas aps presenta el proyecto &#8216;Green Team&#8217; a alumnos de la Facultad de Educaci\u00f3n F\u00edsica"}]},{"@type":"WebSite","@id":"https:\/\/greenteam.ufec.cat\/es\/#website","url":"https:\/\/greenteam.ufec.cat\/es\/","name":"Green Team","description":"Fostering sustainable, eco friendly and inclusive sporting events","publisher":{"@id":"https:\/\/greenteam.ufec.cat\/es\/#organization"},"potentialAction":[{"@type":"SearchAction","target":{"@type":"EntryPoint","urlTemplate":"https:\/\/greenteam.ufec.cat\/es\/?s={search_term_string}"},"query-input":"required name=search_term_string"}],"inLanguage":"es"},{"@type":"Organization","@id":"https:\/\/greenteam.ufec.cat\/es\/#organization","name":"Green Team","url":"https:\/\/greenteam.ufec.cat\/es\/","logo":{"@type":"ImageObject","inLanguage":"es","@id":"https:\/\/greenteam.ufec.cat\/es\/#\/schema\/logo\/image\/","url":"https:\/\/greenteam.ufec.cat\/wp-content\/uploads\/2022\/08\/LOGO-GREEN-TEAM.svg","contentUrl":"https:\/\/greenteam.ufec.cat\/wp-content\/uploads\/2022\/08\/LOGO-GREEN-TEAM.svg","width":1920,"height":600,"caption":"Green Team"},"image":{"@id":"https:\/\/greenteam.ufec.cat\/es\/#\/schema\/logo\/image\/"}},{"@type":"Person","@id":"https:\/\/greenteam.ufec.cat\/es\/#\/schema\/person\/8e87e326c03b9313aad823dff5ee340a","name":"Imatge UFEC","image":{"@type":"ImageObject","inLanguage":"es","@id":"https:\/\/greenteam.ufec.cat\/es\/#\/schema\/person\/image\/","url":"https:\/\/secure.gravatar.com\/avatar\/28ae4051eb1aef941efdb9fd68cb41a0c623ba3b11c910877bded8dfc95f4bc1?s=96&d=mm&r=g","contentUrl":"https:\/\/secure.gravatar.com\/avatar\/28ae4051eb1aef941efdb9fd68cb41a0c623ba3b11c910877bded8dfc95f4bc1?s=96&d=mm&r=g","caption":"Imatge UFEC"},"url":"https:\/\/greenteam.ufec.cat\/es\/author\/imatgeufec-cat\/"}]}},"_links":{"self":[{"href":"https:\/\/greenteam.ufec.cat\/es\/wp-json\/wp\/v2\/posts\/2979","targetHints":{"allow":["GET"]}}],"collection":[{"href":"https:\/\/greenteam.ufec.cat\/es\/wp-json\/wp\/v2\/posts"}],"about":[{"href":"https:\/\/greenteam.ufec.cat\/es\/wp-json\/wp\/v2\/types\/post"}],"author":[{"embeddable":true,"href":"https:\/\/greenteam.ufec.cat\/es\/wp-json\/wp\/v2\/users\/5"}],"replies":[{"embeddable":true,"href":"https:\/\/greenteam.ufec.cat\/es\/wp-json\/wp\/v2\/comments?post=2979"}],"version-history":[{"count":1,"href":"https:\/\/greenteam.ufec.cat\/es\/wp-json\/wp\/v2\/posts\/2979\/revisions"}],"predecessor-version":[{"id":2980,"href":"https:\/\/greenteam.ufec.cat\/es\/wp-json\/wp\/v2\/posts\/2979\/revisions\/2980"}],"wp:featuredmedia":[{"embeddable":true,"href":"https:\/\/greenteam.ufec.cat\/es\/wp-json\/wp\/v2\/media\/2925"}],"wp:attachment":[{"href":"https:\/\/greenteam.ufec.cat\/es\/wp-json\/wp\/v2\/media?parent=2979"}],"wp:term":[{"taxonomy":"category","embeddable":true,"href":"https:\/\/greenteam.ufec.cat\/es\/wp-json\/wp\/v2\/categories?post=2979"},{"taxonomy":"post_tag","embeddable":true,"href":"https:\/\/greenteam.ufec.cat\/es\/wp-json\/wp\/v2\/tags?post=2979"}],"curies":[{"name":"wp","href":"https:\/\/api.w.org\/{rel}","templated":true}]}}