{"id":2912,"date":"2023-06-22T12:02:00","date_gmt":"2023-06-22T12:02:00","guid":{"rendered":"https:\/\/greenteam.ufec.cat\/?p=2912"},"modified":"2024-01-18T08:38:26","modified_gmt":"2024-01-18T08:38:26","slug":"la-ufec-presenta-el-proyecto-green-team-en-el-camping-la-ballena-alegre","status":"publish","type":"post","link":"https:\/\/greenteam.ufec.cat\/es\/2023\/06\/22\/la-ufec-presenta-el-proyecto-green-team-en-el-camping-la-ballena-alegre\/","title":{"rendered":"La UFEC presenta el proyecto Green Team en el camping La Ballena Alegre"},"content":{"rendered":"\n<p>La UFEC ha viajado esta semana a Sant Pere Pescador para llevar a cabo una sesi\u00f3n divulgativa sobre el proyecto Green Team, que lidera, en el camping La Ballena Alegre, considerado el m\u00e1s sostenible seg\u00fan la asociaci\u00f3n ADAC, de referencia en Alemania y que organiza unos premios conocidos popularmente como los \u201cOscars de los campings\u201d.<\/p>\n\n\n\n<p>Gisela Ib\u00e1\u00f1ez, miembro de Green Team y consultora en comunicaci\u00f3n ambiental, present\u00f3 el proyecto en el marco de la charla \u201cOtro fin del mundo es posible\u201d donde se trataba la situaci\u00f3n clim\u00e1tica actual y proyectos que ya est\u00e1n trabajando para un futuro posible para a todas las personas.<\/p>\n\n\n\n<p>\u201cLa pr\u00e1ctica del deporte tiene una elevada capacidad de impactar en nuestro entorno. Con el Green Team project queremos que los clubes y federaciones deportivas europeas vean que es posible realizar un evento deportivo m\u00e1s sostenible con el planeta y, sobre todo, sin dejar a nadie atr\u00e1s, haciendo que todas las personas est\u00e9n incluidas\u201d, ha afirmado Gisela Ib\u00e1\u00f1ez.<\/p>\n\n\n\n<p>Esta presentaci\u00f3n se ha organizado en el marco del Campeonato Mundial de Optimist de vela, y de la Feria Consciente, un escaparate del camping La Ballena Alegre donde buscan difundir un modelo de vacaciones sostenibles para cuidar el planeta.<\/p>\n\n\n\n<p>El Green Team, cofinanciado por el programa Erasmus+ de la Comisi\u00f3n Europea, tiene el objetivo de fomentar eventos deportivos sostenibles, ecol\u00f3gicos e inclusivos. Una misi\u00f3n online al planteamiento del camping La Ballena Alegre, reconocido especialmente por su apuesta por las energ\u00edas renovables, pero tambi\u00e9n por la concienciaci\u00f3n de clientes, trabajadores y proveedores. En la instalaci\u00f3n tur\u00edstica tambi\u00e9n destaca la priorizaci\u00f3n de la producci\u00f3n ecol\u00f3gica, el kil\u00f3metro 0 y aquellas alternativas con menor impacto ambiental.<\/p>\n\n\n\n<figure class=\"wp-block-embed is-type-video is-provider-youtube wp-block-embed-youtube wp-embed-aspect-16-9 wp-has-aspect-ratio\"><div class=\"wp-block-embed__wrapper\">\n<iframe loading=\"lazy\" title=\"VACACIONES RESPONSABLES EN EL CAMPING LA BALLENA ALEGRE\" width=\"800\" height=\"450\" src=\"https:\/\/www.youtube.com\/embed\/QON2DqSBIGc?feature=oembed\" frameborder=\"0\" allow=\"accelerometer; autoplay; clipboard-write; encrypted-media; gyroscope; picture-in-picture; web-share\" allowfullscreen><\/iframe>\n<\/div><\/figure>\n\n\n\n<p><strong>Green Team y La Ballena Alegre: objetivos compartidos<\/strong><\/p>\n\n\n\n<p>Estos objetivos transportados al mundo del deporte es el que defiende el proyecto Green Team: minimizar el impacto que el deporte tiene en nuestro entorno para beneficiar al conjunto de la sociedad. GREEN TEAM est\u00e1 en l\u00ednea con la transici\u00f3n verde de la Uni\u00f3n Europea, puesto que defiende un deporte m\u00e1s sostenible desde el punto de vista ambiental.<\/p>\n\n\n\n<p>Y para ello pretende fomentar la educaci\u00f3n ambiental de la mano de la pr\u00e1ctica deportiva. El proyecto hace hincapi\u00e9 en la innovaci\u00f3n y la digitalizaci\u00f3n del deporte, desde el deporte de base hasta el deporte de alto rendimiento.<\/p>\n\n\n\n<p><\/p>\n\n\n\n<p><\/p>\n\n\n\n<p class=\"has-text-align-left has-small-font-size\"><strong><em>PIE DE FOTO: Gisela Ib\u00e1\u00f1ez, miembro de Green Team y consultora en comunicaci\u00f3n ambiental.<\/em><\/strong><\/p>\n","protected":false},"excerpt":{"rendered":"<p>La UFEC ha viajado esta semana a Sant Pere Pescador para llevar a cabo una sesi\u00f3n divulgativa sobre el proyecto Green Team, que lidera, en el camping La Ballena Alegre, considerado el m\u00e1s sostenible seg\u00fan la asociaci\u00f3n ADAC, de referencia en Alemania y que organiza unos premios conocidos popularmente como los \u201cOscars de los campings\u201d. [&hellip;]<\/p>\n","protected":false},"author":2,"featured_media":2978,"comment_status":"open","ping_status":"closed","sticky":false,"template":"","format":"standard","meta":{"footnotes":""},"categories":[11],"tags":[],"class_list":["post-2912","post","type-post","status-publish","format-standard","has-post-thumbnail","hentry","category-sin-categorizar"],"yoast_head":"<!-- This site is optimized with the Yoast SEO plugin v20.3 - https:\/\/yoast.com\/wordpress\/plugins\/seo\/ -->\n<title>La UFEC presenta el proyecto Green Team en el camping La Ballena Alegre - Green Team<\/title>\n<meta name=\"robots\" content=\"index, follow, max-snippet:-1, max-image-preview:large, max-video-preview:-1\" \/>\n<link rel=\"canonical\" href=\"https:\/\/greenteam.ufec.cat\/es\/2023\/06\/22\/la-ufec-presenta-el-proyecto-green-team-en-el-camping-la-ballena-alegre\/\" \/>\n<meta property=\"og:locale\" content=\"es_ES\" \/>\n<meta property=\"og:type\" content=\"article\" \/>\n<meta property=\"og:title\" content=\"La UFEC presenta el proyecto Green Team en el camping La Ballena Alegre - Green Team\" \/>\n<meta property=\"og:description\" content=\"La UFEC ha viajado esta semana a Sant Pere Pescador para llevar a cabo una sesi\u00f3n divulgativa sobre el proyecto Green Team, que lidera, en el camping La Ballena Alegre, considerado el m\u00e1s sostenible seg\u00fan la asociaci\u00f3n ADAC, de referencia en Alemania y que organiza unos premios conocidos popularmente como los \u201cOscars de los campings\u201d. [&hellip;]\" \/>\n<meta property=\"og:url\" content=\"https:\/\/greenteam.ufec.cat\/es\/2023\/06\/22\/la-ufec-presenta-el-proyecto-green-team-en-el-camping-la-ballena-alegre\/\" \/>\n<meta property=\"og:site_name\" content=\"Green Team\" \/>\n<meta property=\"article:published_time\" content=\"2023-06-22T12:02:00+00:00\" \/>\n<meta property=\"article:modified_time\" content=\"2024-01-18T08:38:26+00:00\" \/>\n<meta property=\"og:image\" content=\"https:\/\/greenteam.ufec.cat\/wp-content\/uploads\/2023\/06\/Camping-La-Ballena.jpg\" \/>\n\t<meta property=\"og:image:width\" content=\"1536\" \/>\n\t<meta property=\"og:image:height\" content=\"2048\" \/>\n\t<meta property=\"og:image:type\" content=\"image\/jpeg\" \/>\n<meta name=\"author\" content=\"Premsa UFEC\" \/>\n<meta name=\"twitter:card\" content=\"summary_large_image\" \/>\n<meta name=\"twitter:label1\" content=\"Escrito por\" \/>\n\t<meta name=\"twitter:data1\" content=\"Premsa UFEC\" \/>\n\t<meta name=\"twitter:label2\" content=\"Tiempo de lectura\" \/>\n\t<meta name=\"twitter:data2\" content=\"2 minutos\" \/>\n<script type=\"application\/ld+json\" class=\"yoast-schema-graph\">{\"@context\":\"https:\/\/schema.org\",\"@graph\":[{\"@type\":\"Article\",\"@id\":\"https:\/\/greenteam.ufec.cat\/es\/2023\/06\/22\/la-ufec-presenta-el-proyecto-green-team-en-el-camping-la-ballena-alegre\/#article\",\"isPartOf\":{\"@id\":\"https:\/\/greenteam.ufec.cat\/es\/2023\/06\/22\/la-ufec-presenta-el-proyecto-green-team-en-el-camping-la-ballena-alegre\/\"},\"author\":{\"name\":\"Premsa UFEC\",\"@id\":\"https:\/\/greenteam.ufec.cat\/es\/#\/schema\/person\/cb52c2d07d101573fcb8d9a3604285a4\"},\"headline\":\"La UFEC presenta el proyecto Green Team en el camping La Ballena Alegre\",\"datePublished\":\"2023-06-22T12:02:00+00:00\",\"dateModified\":\"2024-01-18T08:38:26+00:00\",\"mainEntityOfPage\":{\"@id\":\"https:\/\/greenteam.ufec.cat\/es\/2023\/06\/22\/la-ufec-presenta-el-proyecto-green-team-en-el-camping-la-ballena-alegre\/\"},\"wordCount\":450,\"commentCount\":0,\"publisher\":{\"@id\":\"https:\/\/greenteam.ufec.cat\/es\/#organization\"},\"articleSection\":[\"Sin categorizar\"],\"inLanguage\":\"es\",\"potentialAction\":[{\"@type\":\"CommentAction\",\"name\":\"Comment\",\"target\":[\"https:\/\/greenteam.ufec.cat\/es\/2023\/06\/22\/la-ufec-presenta-el-proyecto-green-team-en-el-camping-la-ballena-alegre\/#respond\"]}]},{\"@type\":\"WebPage\",\"@id\":\"https:\/\/greenteam.ufec.cat\/es\/2023\/06\/22\/la-ufec-presenta-el-proyecto-green-team-en-el-camping-la-ballena-alegre\/\",\"url\":\"https:\/\/greenteam.ufec.cat\/es\/2023\/06\/22\/la-ufec-presenta-el-proyecto-green-team-en-el-camping-la-ballena-alegre\/\",\"name\":\"La UFEC presenta el proyecto Green Team en el camping La Ballena Alegre - Green Team\",\"isPartOf\":{\"@id\":\"https:\/\/greenteam.ufec.cat\/es\/#website\"},\"datePublished\":\"2023-06-22T12:02:00+00:00\",\"dateModified\":\"2024-01-18T08:38:26+00:00\",\"breadcrumb\":{\"@id\":\"https:\/\/greenteam.ufec.cat\/es\/2023\/06\/22\/la-ufec-presenta-el-proyecto-green-team-en-el-camping-la-ballena-alegre\/#breadcrumb\"},\"inLanguage\":\"es\",\"potentialAction\":[{\"@type\":\"ReadAction\",\"target\":[\"https:\/\/greenteam.ufec.cat\/es\/2023\/06\/22\/la-ufec-presenta-el-proyecto-green-team-en-el-camping-la-ballena-alegre\/\"]}]},{\"@type\":\"BreadcrumbList\",\"@id\":\"https:\/\/greenteam.ufec.cat\/es\/2023\/06\/22\/la-ufec-presenta-el-proyecto-green-team-en-el-camping-la-ballena-alegre\/#breadcrumb\",\"itemListElement\":[{\"@type\":\"ListItem\",\"position\":1,\"name\":\"Portada\",\"item\":\"https:\/\/greenteam.ufec.cat\/es\/\"},{\"@type\":\"ListItem\",\"position\":2,\"name\":\"La UFEC presenta el proyecto Green Team en el camping La Ballena Alegre\"}]},{\"@type\":\"WebSite\",\"@id\":\"https:\/\/greenteam.ufec.cat\/es\/#website\",\"url\":\"https:\/\/greenteam.ufec.cat\/es\/\",\"name\":\"Green Team\",\"description\":\"Fostering sustainable, eco friendly and inclusive sporting events\",\"publisher\":{\"@id\":\"https:\/\/greenteam.ufec.cat\/es\/#organization\"},\"potentialAction\":[{\"@type\":\"SearchAction\",\"target\":{\"@type\":\"EntryPoint\",\"urlTemplate\":\"https:\/\/greenteam.ufec.cat\/es\/?s={search_term_string}\"},\"query-input\":\"required name=search_term_string\"}],\"inLanguage\":\"es\"},{\"@type\":\"Organization\",\"@id\":\"https:\/\/greenteam.ufec.cat\/es\/#organization\",\"name\":\"Green Team\",\"url\":\"https:\/\/greenteam.ufec.cat\/es\/\",\"logo\":{\"@type\":\"ImageObject\",\"inLanguage\":\"es\",\"@id\":\"https:\/\/greenteam.ufec.cat\/es\/#\/schema\/logo\/image\/\",\"url\":\"https:\/\/greenteam.ufec.cat\/wp-content\/uploads\/2022\/08\/LOGO-GREEN-TEAM.svg\",\"contentUrl\":\"https:\/\/greenteam.ufec.cat\/wp-content\/uploads\/2022\/08\/LOGO-GREEN-TEAM.svg\",\"width\":1920,\"height\":600,\"caption\":\"Green Team\"},\"image\":{\"@id\":\"https:\/\/greenteam.ufec.cat\/es\/#\/schema\/logo\/image\/\"}},{\"@type\":\"Person\",\"@id\":\"https:\/\/greenteam.ufec.cat\/es\/#\/schema\/person\/cb52c2d07d101573fcb8d9a3604285a4\",\"name\":\"Premsa UFEC\",\"image\":{\"@type\":\"ImageObject\",\"inLanguage\":\"es\",\"@id\":\"https:\/\/greenteam.ufec.cat\/es\/#\/schema\/person\/image\/\",\"url\":\"https:\/\/secure.gravatar.com\/avatar\/3c332e4ba74306f0f021b2e2eb15d86eb35143b4c4aec9e52241d40ff06608d9?s=96&d=mm&r=g\",\"contentUrl\":\"https:\/\/secure.gravatar.com\/avatar\/3c332e4ba74306f0f021b2e2eb15d86eb35143b4c4aec9e52241d40ff06608d9?s=96&d=mm&r=g\",\"caption\":\"Premsa UFEC\"},\"url\":\"https:\/\/greenteam.ufec.cat\/es\/author\/premsaufec-cat\/\"}]}<\/script>\n<!-- \/ Yoast SEO plugin. -->","yoast_head_json":{"title":"La UFEC presenta el proyecto Green Team en el camping La Ballena Alegre - Green Team","robots":{"index":"index","follow":"follow","max-snippet":"max-snippet:-1","max-image-preview":"max-image-preview:large","max-video-preview":"max-video-preview:-1"},"canonical":"https:\/\/greenteam.ufec.cat\/es\/2023\/06\/22\/la-ufec-presenta-el-proyecto-green-team-en-el-camping-la-ballena-alegre\/","og_locale":"es_ES","og_type":"article","og_title":"La UFEC presenta el proyecto Green Team en el camping La Ballena Alegre - Green Team","og_description":"La UFEC ha viajado esta semana a Sant Pere Pescador para llevar a cabo una sesi\u00f3n divulgativa sobre el proyecto Green Team, que lidera, en el camping La Ballena Alegre, considerado el m\u00e1s sostenible seg\u00fan la asociaci\u00f3n ADAC, de referencia en Alemania y que organiza unos premios conocidos popularmente como los \u201cOscars de los campings\u201d. [&hellip;]","og_url":"https:\/\/greenteam.ufec.cat\/es\/2023\/06\/22\/la-ufec-presenta-el-proyecto-green-team-en-el-camping-la-ballena-alegre\/","og_site_name":"Green Team","article_published_time":"2023-06-22T12:02:00+00:00","article_modified_time":"2024-01-18T08:38:26+00:00","og_image":[{"width":1536,"height":2048,"url":"https:\/\/greenteam.ufec.cat\/wp-content\/uploads\/2023\/06\/Camping-La-Ballena.jpg","type":"image\/jpeg"}],"author":"Premsa UFEC","twitter_card":"summary_large_image","twitter_misc":{"Escrito por":"Premsa UFEC","Tiempo de lectura":"2 minutos"},"schema":{"@context":"https:\/\/schema.org","@graph":[{"@type":"Article","@id":"https:\/\/greenteam.ufec.cat\/es\/2023\/06\/22\/la-ufec-presenta-el-proyecto-green-team-en-el-camping-la-ballena-alegre\/#article","isPartOf":{"@id":"https:\/\/greenteam.ufec.cat\/es\/2023\/06\/22\/la-ufec-presenta-el-proyecto-green-team-en-el-camping-la-ballena-alegre\/"},"author":{"name":"Premsa UFEC","@id":"https:\/\/greenteam.ufec.cat\/es\/#\/schema\/person\/cb52c2d07d101573fcb8d9a3604285a4"},"headline":"La UFEC presenta el proyecto Green Team en el camping La Ballena Alegre","datePublished":"2023-06-22T12:02:00+00:00","dateModified":"2024-01-18T08:38:26+00:00","mainEntityOfPage":{"@id":"https:\/\/greenteam.ufec.cat\/es\/2023\/06\/22\/la-ufec-presenta-el-proyecto-green-team-en-el-camping-la-ballena-alegre\/"},"wordCount":450,"commentCount":0,"publisher":{"@id":"https:\/\/greenteam.ufec.cat\/es\/#organization"},"articleSection":["Sin categorizar"],"inLanguage":"es","potentialAction":[{"@type":"CommentAction","name":"Comment","target":["https:\/\/greenteam.ufec.cat\/es\/2023\/06\/22\/la-ufec-presenta-el-proyecto-green-team-en-el-camping-la-ballena-alegre\/#respond"]}]},{"@type":"WebPage","@id":"https:\/\/greenteam.ufec.cat\/es\/2023\/06\/22\/la-ufec-presenta-el-proyecto-green-team-en-el-camping-la-ballena-alegre\/","url":"https:\/\/greenteam.ufec.cat\/es\/2023\/06\/22\/la-ufec-presenta-el-proyecto-green-team-en-el-camping-la-ballena-alegre\/","name":"La UFEC presenta el proyecto Green Team en el camping La Ballena Alegre - Green Team","isPartOf":{"@id":"https:\/\/greenteam.ufec.cat\/es\/#website"},"datePublished":"2023-06-22T12:02:00+00:00","dateModified":"2024-01-18T08:38:26+00:00","breadcrumb":{"@id":"https:\/\/greenteam.ufec.cat\/es\/2023\/06\/22\/la-ufec-presenta-el-proyecto-green-team-en-el-camping-la-ballena-alegre\/#breadcrumb"},"inLanguage":"es","potentialAction":[{"@type":"ReadAction","target":["https:\/\/greenteam.ufec.cat\/es\/2023\/06\/22\/la-ufec-presenta-el-proyecto-green-team-en-el-camping-la-ballena-alegre\/"]}]},{"@type":"BreadcrumbList","@id":"https:\/\/greenteam.ufec.cat\/es\/2023\/06\/22\/la-ufec-presenta-el-proyecto-green-team-en-el-camping-la-ballena-alegre\/#breadcrumb","itemListElement":[{"@type":"ListItem","position":1,"name":"Portada","item":"https:\/\/greenteam.ufec.cat\/es\/"},{"@type":"ListItem","position":2,"name":"La UFEC presenta el proyecto Green Team en el camping La Ballena Alegre"}]},{"@type":"WebSite","@id":"https:\/\/greenteam.ufec.cat\/es\/#website","url":"https:\/\/greenteam.ufec.cat\/es\/","name":"Green Team","description":"Fostering sustainable, eco friendly and inclusive sporting events","publisher":{"@id":"https:\/\/greenteam.ufec.cat\/es\/#organization"},"potentialAction":[{"@type":"SearchAction","target":{"@type":"EntryPoint","urlTemplate":"https:\/\/greenteam.ufec.cat\/es\/?s={search_term_string}"},"query-input":"required name=search_term_string"}],"inLanguage":"es"},{"@type":"Organization","@id":"https:\/\/greenteam.ufec.cat\/es\/#organization","name":"Green Team","url":"https:\/\/greenteam.ufec.cat\/es\/","logo":{"@type":"ImageObject","inLanguage":"es","@id":"https:\/\/greenteam.ufec.cat\/es\/#\/schema\/logo\/image\/","url":"https:\/\/greenteam.ufec.cat\/wp-content\/uploads\/2022\/08\/LOGO-GREEN-TEAM.svg","contentUrl":"https:\/\/greenteam.ufec.cat\/wp-content\/uploads\/2022\/08\/LOGO-GREEN-TEAM.svg","width":1920,"height":600,"caption":"Green Team"},"image":{"@id":"https:\/\/greenteam.ufec.cat\/es\/#\/schema\/logo\/image\/"}},{"@type":"Person","@id":"https:\/\/greenteam.ufec.cat\/es\/#\/schema\/person\/cb52c2d07d101573fcb8d9a3604285a4","name":"Premsa UFEC","image":{"@type":"ImageObject","inLanguage":"es","@id":"https:\/\/greenteam.ufec.cat\/es\/#\/schema\/person\/image\/","url":"https:\/\/secure.gravatar.com\/avatar\/3c332e4ba74306f0f021b2e2eb15d86eb35143b4c4aec9e52241d40ff06608d9?s=96&d=mm&r=g","contentUrl":"https:\/\/secure.gravatar.com\/avatar\/3c332e4ba74306f0f021b2e2eb15d86eb35143b4c4aec9e52241d40ff06608d9?s=96&d=mm&r=g","caption":"Premsa UFEC"},"url":"https:\/\/greenteam.ufec.cat\/es\/author\/premsaufec-cat\/"}]}},"_links":{"self":[{"href":"https:\/\/greenteam.ufec.cat\/es\/wp-json\/wp\/v2\/posts\/2912","targetHints":{"allow":["GET"]}}],"collection":[{"href":"https:\/\/greenteam.ufec.cat\/es\/wp-json\/wp\/v2\/posts"}],"about":[{"href":"https:\/\/greenteam.ufec.cat\/es\/wp-json\/wp\/v2\/types\/post"}],"author":[{"embeddable":true,"href":"https:\/\/greenteam.ufec.cat\/es\/wp-json\/wp\/v2\/users\/2"}],"replies":[{"embeddable":true,"href":"https:\/\/greenteam.ufec.cat\/es\/wp-json\/wp\/v2\/comments?post=2912"}],"version-history":[{"count":6,"href":"https:\/\/greenteam.ufec.cat\/es\/wp-json\/wp\/v2\/posts\/2912\/revisions"}],"predecessor-version":[{"id":2918,"href":"https:\/\/greenteam.ufec.cat\/es\/wp-json\/wp\/v2\/posts\/2912\/revisions\/2918"}],"wp:featuredmedia":[{"embeddable":true,"href":"https:\/\/greenteam.ufec.cat\/es\/wp-json\/wp\/v2\/media\/2978"}],"wp:attachment":[{"href":"https:\/\/greenteam.ufec.cat\/es\/wp-json\/wp\/v2\/media?parent=2912"}],"wp:term":[{"taxonomy":"category","embeddable":true,"href":"https:\/\/greenteam.ufec.cat\/es\/wp-json\/wp\/v2\/categories?post=2912"},{"taxonomy":"post_tag","embeddable":true,"href":"https:\/\/greenteam.ufec.cat\/es\/wp-json\/wp\/v2\/tags?post=2912"}],"curies":[{"name":"wp","href":"https:\/\/api.w.org\/{rel}","templated":true}]}}