{"id":3953,"date":"2025-10-07T09:35:27","date_gmt":"2025-10-07T09:35:27","guid":{"rendered":"https:\/\/greenteam.ufec.cat\/?p=3953"},"modified":"2025-10-07T09:35:29","modified_gmt":"2025-10-07T09:35:29","slug":"greenteam-impulsa-el-debat-sobre-esport-inclusio-i-sostenibilitat-en-un-seminari-europeu","status":"publish","type":"post","link":"https:\/\/greenteam.ufec.cat\/ca\/2025\/10\/07\/greenteam-impulsa-el-debat-sobre-esport-inclusio-i-sostenibilitat-en-un-seminari-europeu\/","title":{"rendered":"GreenTeam impulsa el debat sobre esport, inclusi\u00f3 i sostenibilitat en un seminari europeu"},"content":{"rendered":"\n<p><strong>El 26 de setembre s\u2019ha celebrat el seminari en l\u00ednia \u201cEsport, inclusi\u00f3 i sostenibilitat: hist\u00f2ries que inspiren\u201d, una activitat emmarcada dins del projecte europeu GreenTeam, liderat per la UFEC.<\/strong><\/p>\n\n\n\n<p>La sessi\u00f3 ha reunit representants d\u2019entitats esportives, professionals del sector i persones vinculades a iniciatives socials i mediambientals que han compartit experi\u00e8ncies i reflexions sobre com l\u2019activitat f\u00edsica pot esdevenir una eina de transformaci\u00f3. Al llarg de la jornada s\u2019han presentat bones pr\u00e0ctiques que mostren com l\u2019esport pot contribuir no nom\u00e9s a la salut i al benestar, sin\u00f3 tamb\u00e9 a la <strong>protecci\u00f3 del medi ambient i a la cohesi\u00f3 social<\/strong>.<\/p>\n\n\n\n<figure class=\"wp-block-embed is-type-video is-provider-youtube wp-block-embed-youtube wp-embed-aspect-16-9 wp-has-aspect-ratio\"><div class=\"wp-block-embed__wrapper\">\n<iframe loading=\"lazy\" title=\"Webinar &#039;Sport, Inclusion and Sustainability: Inspiring Stories&#039; Green Team\" width=\"800\" height=\"450\" src=\"https:\/\/www.youtube.com\/embed\/R8LsmMzsyuc?feature=oembed\" frameborder=\"0\" allow=\"accelerometer; autoplay; clipboard-write; encrypted-media; gyroscope; picture-in-picture; web-share\" referrerpolicy=\"strict-origin-when-cross-origin\" allowfullscreen><\/iframe>\n<\/div><\/figure>\n\n\n\n<p>Aquest espai de di\u00e0leg ha servit per posar en relleu projectes que aposten per una gesti\u00f3 m\u00e9s sostenible de les activitats esportives \u2014com la reducci\u00f3 de residus, l\u2019\u00fas responsable dels recursos naturals o la promoci\u00f3 de la mobilitat sostenible\u2014, alhora que s\u2019han destacat iniciatives que treballen per la <strong>inclusi\u00f3 de col\u00b7lectius vulnerables i la igualtat d\u2019oportunitats en l\u2019acc\u00e9s a l\u2019esport<\/strong>.<\/p>\n\n\n\n<p>L\u2019objectiu del seminari, i del projecte GreenTeam en el seu conjunt, \u00e9s <strong>impulsar la transici\u00f3 ecol\u00f2gica en el m\u00f3n de l\u2019esport i fer-lo encara m\u00e9s inclusiu i accessible per a tothom<\/strong>, responent als grans reptes que la societat actual t\u00e9 en mat\u00e8ria de sostenibilitat i equitat social.<\/p>\n\n\n\n<p><\/p>\n","protected":false},"excerpt":{"rendered":"<p>El 26 de setembre s\u2019ha celebrat el seminari en l\u00ednia \u201cEsport, inclusi\u00f3 i sostenibilitat: hist\u00f2ries que inspiren\u201d, una activitat emmarcada dins del projecte europeu GreenTeam, liderat per la UFEC. La sessi\u00f3 ha reunit representants d\u2019entitats esportives, professionals del sector i persones vinculades a iniciatives socials i mediambientals que han compartit experi\u00e8ncies i reflexions sobre com [&hellip;]<\/p>\n","protected":false},"author":2,"featured_media":3954,"comment_status":"open","ping_status":"closed","sticky":false,"template":"","format":"standard","meta":{"footnotes":""},"categories":[12],"tags":[],"class_list":["post-3953","post","type-post","status-publish","format-standard","has-post-thumbnail","hentry","category-uncategorized-ca"],"yoast_head":"<!-- This site is optimized with the Yoast SEO plugin v20.3 - https:\/\/yoast.com\/wordpress\/plugins\/seo\/ -->\n<title>GreenTeam impulsa el debat sobre esport, inclusi\u00f3 i sostenibilitat en un seminari europeu - Green Team<\/title>\n<meta name=\"robots\" content=\"index, follow, max-snippet:-1, max-image-preview:large, max-video-preview:-1\" \/>\n<link rel=\"canonical\" href=\"https:\/\/greenteam.ufec.cat\/ca\/2025\/10\/07\/greenteam-impulsa-el-debat-sobre-esport-inclusio-i-sostenibilitat-en-un-seminari-europeu\/\" \/>\n<meta property=\"og:locale\" content=\"ca_ES\" \/>\n<meta property=\"og:type\" content=\"article\" \/>\n<meta property=\"og:title\" content=\"GreenTeam impulsa el debat sobre esport, inclusi\u00f3 i sostenibilitat en un seminari europeu - Green Team\" \/>\n<meta property=\"og:description\" content=\"El 26 de setembre s\u2019ha celebrat el seminari en l\u00ednia \u201cEsport, inclusi\u00f3 i sostenibilitat: hist\u00f2ries que inspiren\u201d, una activitat emmarcada dins del projecte europeu GreenTeam, liderat per la UFEC. La sessi\u00f3 ha reunit representants d\u2019entitats esportives, professionals del sector i persones vinculades a iniciatives socials i mediambientals que han compartit experi\u00e8ncies i reflexions sobre com [&hellip;]\" \/>\n<meta property=\"og:url\" content=\"https:\/\/greenteam.ufec.cat\/ca\/2025\/10\/07\/greenteam-impulsa-el-debat-sobre-esport-inclusio-i-sostenibilitat-en-un-seminari-europeu\/\" \/>\n<meta property=\"og:site_name\" content=\"Green Team\" \/>\n<meta property=\"article:published_time\" content=\"2025-10-07T09:35:27+00:00\" \/>\n<meta property=\"article:modified_time\" content=\"2025-10-07T09:35:29+00:00\" \/>\n<meta property=\"og:image\" content=\"https:\/\/greenteam.ufec.cat\/wp-content\/uploads\/2025\/10\/Imagen1.png\" \/>\n\t<meta property=\"og:image:width\" content=\"567\" \/>\n\t<meta property=\"og:image:height\" content=\"317\" \/>\n\t<meta property=\"og:image:type\" content=\"image\/png\" \/>\n<meta name=\"author\" content=\"Premsa UFEC\" \/>\n<meta name=\"twitter:card\" content=\"summary_large_image\" \/>\n<meta name=\"twitter:label1\" content=\"Escrit per\" \/>\n\t<meta name=\"twitter:data1\" content=\"Premsa UFEC\" \/>\n\t<meta name=\"twitter:label2\" content=\"Temps estimat de lectura\" \/>\n\t<meta name=\"twitter:data2\" content=\"1 minut\" \/>\n<script type=\"application\/ld+json\" class=\"yoast-schema-graph\">{\"@context\":\"https:\/\/schema.org\",\"@graph\":[{\"@type\":\"Article\",\"@id\":\"https:\/\/greenteam.ufec.cat\/ca\/2025\/10\/07\/greenteam-impulsa-el-debat-sobre-esport-inclusio-i-sostenibilitat-en-un-seminari-europeu\/#article\",\"isPartOf\":{\"@id\":\"https:\/\/greenteam.ufec.cat\/ca\/2025\/10\/07\/greenteam-impulsa-el-debat-sobre-esport-inclusio-i-sostenibilitat-en-un-seminari-europeu\/\"},\"author\":{\"name\":\"Premsa UFEC\",\"@id\":\"https:\/\/greenteam.ufec.cat\/ca\/#\/schema\/person\/cb52c2d07d101573fcb8d9a3604285a4\"},\"headline\":\"GreenTeam impulsa el debat sobre esport, inclusi\u00f3 i sostenibilitat en un seminari europeu\",\"datePublished\":\"2025-10-07T09:35:27+00:00\",\"dateModified\":\"2025-10-07T09:35:29+00:00\",\"mainEntityOfPage\":{\"@id\":\"https:\/\/greenteam.ufec.cat\/ca\/2025\/10\/07\/greenteam-impulsa-el-debat-sobre-esport-inclusio-i-sostenibilitat-en-un-seminari-europeu\/\"},\"wordCount\":252,\"commentCount\":0,\"publisher\":{\"@id\":\"https:\/\/greenteam.ufec.cat\/ca\/#organization\"},\"articleSection\":[\"Uncategorized @ca\"],\"inLanguage\":\"ca\",\"potentialAction\":[{\"@type\":\"CommentAction\",\"name\":\"Comment\",\"target\":[\"https:\/\/greenteam.ufec.cat\/ca\/2025\/10\/07\/greenteam-impulsa-el-debat-sobre-esport-inclusio-i-sostenibilitat-en-un-seminari-europeu\/#respond\"]}]},{\"@type\":\"WebPage\",\"@id\":\"https:\/\/greenteam.ufec.cat\/ca\/2025\/10\/07\/greenteam-impulsa-el-debat-sobre-esport-inclusio-i-sostenibilitat-en-un-seminari-europeu\/\",\"url\":\"https:\/\/greenteam.ufec.cat\/ca\/2025\/10\/07\/greenteam-impulsa-el-debat-sobre-esport-inclusio-i-sostenibilitat-en-un-seminari-europeu\/\",\"name\":\"GreenTeam impulsa el debat sobre esport, inclusi\u00f3 i sostenibilitat en un seminari europeu - Green Team\",\"isPartOf\":{\"@id\":\"https:\/\/greenteam.ufec.cat\/ca\/#website\"},\"datePublished\":\"2025-10-07T09:35:27+00:00\",\"dateModified\":\"2025-10-07T09:35:29+00:00\",\"breadcrumb\":{\"@id\":\"https:\/\/greenteam.ufec.cat\/ca\/2025\/10\/07\/greenteam-impulsa-el-debat-sobre-esport-inclusio-i-sostenibilitat-en-un-seminari-europeu\/#breadcrumb\"},\"inLanguage\":\"ca\",\"potentialAction\":[{\"@type\":\"ReadAction\",\"target\":[\"https:\/\/greenteam.ufec.cat\/ca\/2025\/10\/07\/greenteam-impulsa-el-debat-sobre-esport-inclusio-i-sostenibilitat-en-un-seminari-europeu\/\"]}]},{\"@type\":\"BreadcrumbList\",\"@id\":\"https:\/\/greenteam.ufec.cat\/ca\/2025\/10\/07\/greenteam-impulsa-el-debat-sobre-esport-inclusio-i-sostenibilitat-en-un-seminari-europeu\/#breadcrumb\",\"itemListElement\":[{\"@type\":\"ListItem\",\"position\":1,\"name\":\"Portada\",\"item\":\"https:\/\/greenteam.ufec.cat\/ca\/\"},{\"@type\":\"ListItem\",\"position\":2,\"name\":\"GreenTeam impulsa el debat sobre esport, inclusi\u00f3 i sostenibilitat en un seminari europeu\"}]},{\"@type\":\"WebSite\",\"@id\":\"https:\/\/greenteam.ufec.cat\/ca\/#website\",\"url\":\"https:\/\/greenteam.ufec.cat\/ca\/\",\"name\":\"Green Team\",\"description\":\"Fostering sustainable, eco friendly and inclusive sporting events\",\"publisher\":{\"@id\":\"https:\/\/greenteam.ufec.cat\/ca\/#organization\"},\"potentialAction\":[{\"@type\":\"SearchAction\",\"target\":{\"@type\":\"EntryPoint\",\"urlTemplate\":\"https:\/\/greenteam.ufec.cat\/ca\/?s={search_term_string}\"},\"query-input\":\"required name=search_term_string\"}],\"inLanguage\":\"ca\"},{\"@type\":\"Organization\",\"@id\":\"https:\/\/greenteam.ufec.cat\/ca\/#organization\",\"name\":\"Green Team\",\"url\":\"https:\/\/greenteam.ufec.cat\/ca\/\",\"logo\":{\"@type\":\"ImageObject\",\"inLanguage\":\"ca\",\"@id\":\"https:\/\/greenteam.ufec.cat\/ca\/#\/schema\/logo\/image\/\",\"url\":\"https:\/\/greenteam.ufec.cat\/wp-content\/uploads\/2022\/08\/LOGO-GREEN-TEAM.svg\",\"contentUrl\":\"https:\/\/greenteam.ufec.cat\/wp-content\/uploads\/2022\/08\/LOGO-GREEN-TEAM.svg\",\"width\":1920,\"height\":600,\"caption\":\"Green Team\"},\"image\":{\"@id\":\"https:\/\/greenteam.ufec.cat\/ca\/#\/schema\/logo\/image\/\"}},{\"@type\":\"Person\",\"@id\":\"https:\/\/greenteam.ufec.cat\/ca\/#\/schema\/person\/cb52c2d07d101573fcb8d9a3604285a4\",\"name\":\"Premsa UFEC\",\"image\":{\"@type\":\"ImageObject\",\"inLanguage\":\"ca\",\"@id\":\"https:\/\/greenteam.ufec.cat\/ca\/#\/schema\/person\/image\/\",\"url\":\"https:\/\/secure.gravatar.com\/avatar\/3c332e4ba74306f0f021b2e2eb15d86eb35143b4c4aec9e52241d40ff06608d9?s=96&d=mm&r=g\",\"contentUrl\":\"https:\/\/secure.gravatar.com\/avatar\/3c332e4ba74306f0f021b2e2eb15d86eb35143b4c4aec9e52241d40ff06608d9?s=96&d=mm&r=g\",\"caption\":\"Premsa UFEC\"},\"url\":\"https:\/\/greenteam.ufec.cat\/ca\/author\/premsaufec-cat\/\"}]}<\/script>\n<!-- \/ Yoast SEO plugin. -->","yoast_head_json":{"title":"GreenTeam impulsa el debat sobre esport, inclusi\u00f3 i sostenibilitat en un seminari europeu - Green Team","robots":{"index":"index","follow":"follow","max-snippet":"max-snippet:-1","max-image-preview":"max-image-preview:large","max-video-preview":"max-video-preview:-1"},"canonical":"https:\/\/greenteam.ufec.cat\/ca\/2025\/10\/07\/greenteam-impulsa-el-debat-sobre-esport-inclusio-i-sostenibilitat-en-un-seminari-europeu\/","og_locale":"ca_ES","og_type":"article","og_title":"GreenTeam impulsa el debat sobre esport, inclusi\u00f3 i sostenibilitat en un seminari europeu - Green Team","og_description":"El 26 de setembre s\u2019ha celebrat el seminari en l\u00ednia \u201cEsport, inclusi\u00f3 i sostenibilitat: hist\u00f2ries que inspiren\u201d, una activitat emmarcada dins del projecte europeu GreenTeam, liderat per la UFEC. La sessi\u00f3 ha reunit representants d\u2019entitats esportives, professionals del sector i persones vinculades a iniciatives socials i mediambientals que han compartit experi\u00e8ncies i reflexions sobre com [&hellip;]","og_url":"https:\/\/greenteam.ufec.cat\/ca\/2025\/10\/07\/greenteam-impulsa-el-debat-sobre-esport-inclusio-i-sostenibilitat-en-un-seminari-europeu\/","og_site_name":"Green Team","article_published_time":"2025-10-07T09:35:27+00:00","article_modified_time":"2025-10-07T09:35:29+00:00","og_image":[{"width":567,"height":317,"url":"https:\/\/greenteam.ufec.cat\/wp-content\/uploads\/2025\/10\/Imagen1.png","type":"image\/png"}],"author":"Premsa UFEC","twitter_card":"summary_large_image","twitter_misc":{"Escrit per":"Premsa UFEC","Temps estimat de lectura":"1 minut"},"schema":{"@context":"https:\/\/schema.org","@graph":[{"@type":"Article","@id":"https:\/\/greenteam.ufec.cat\/ca\/2025\/10\/07\/greenteam-impulsa-el-debat-sobre-esport-inclusio-i-sostenibilitat-en-un-seminari-europeu\/#article","isPartOf":{"@id":"https:\/\/greenteam.ufec.cat\/ca\/2025\/10\/07\/greenteam-impulsa-el-debat-sobre-esport-inclusio-i-sostenibilitat-en-un-seminari-europeu\/"},"author":{"name":"Premsa UFEC","@id":"https:\/\/greenteam.ufec.cat\/ca\/#\/schema\/person\/cb52c2d07d101573fcb8d9a3604285a4"},"headline":"GreenTeam impulsa el debat sobre esport, inclusi\u00f3 i sostenibilitat en un seminari europeu","datePublished":"2025-10-07T09:35:27+00:00","dateModified":"2025-10-07T09:35:29+00:00","mainEntityOfPage":{"@id":"https:\/\/greenteam.ufec.cat\/ca\/2025\/10\/07\/greenteam-impulsa-el-debat-sobre-esport-inclusio-i-sostenibilitat-en-un-seminari-europeu\/"},"wordCount":252,"commentCount":0,"publisher":{"@id":"https:\/\/greenteam.ufec.cat\/ca\/#organization"},"articleSection":["Uncategorized @ca"],"inLanguage":"ca","potentialAction":[{"@type":"CommentAction","name":"Comment","target":["https:\/\/greenteam.ufec.cat\/ca\/2025\/10\/07\/greenteam-impulsa-el-debat-sobre-esport-inclusio-i-sostenibilitat-en-un-seminari-europeu\/#respond"]}]},{"@type":"WebPage","@id":"https:\/\/greenteam.ufec.cat\/ca\/2025\/10\/07\/greenteam-impulsa-el-debat-sobre-esport-inclusio-i-sostenibilitat-en-un-seminari-europeu\/","url":"https:\/\/greenteam.ufec.cat\/ca\/2025\/10\/07\/greenteam-impulsa-el-debat-sobre-esport-inclusio-i-sostenibilitat-en-un-seminari-europeu\/","name":"GreenTeam impulsa el debat sobre esport, inclusi\u00f3 i sostenibilitat en un seminari europeu - Green Team","isPartOf":{"@id":"https:\/\/greenteam.ufec.cat\/ca\/#website"},"datePublished":"2025-10-07T09:35:27+00:00","dateModified":"2025-10-07T09:35:29+00:00","breadcrumb":{"@id":"https:\/\/greenteam.ufec.cat\/ca\/2025\/10\/07\/greenteam-impulsa-el-debat-sobre-esport-inclusio-i-sostenibilitat-en-un-seminari-europeu\/#breadcrumb"},"inLanguage":"ca","potentialAction":[{"@type":"ReadAction","target":["https:\/\/greenteam.ufec.cat\/ca\/2025\/10\/07\/greenteam-impulsa-el-debat-sobre-esport-inclusio-i-sostenibilitat-en-un-seminari-europeu\/"]}]},{"@type":"BreadcrumbList","@id":"https:\/\/greenteam.ufec.cat\/ca\/2025\/10\/07\/greenteam-impulsa-el-debat-sobre-esport-inclusio-i-sostenibilitat-en-un-seminari-europeu\/#breadcrumb","itemListElement":[{"@type":"ListItem","position":1,"name":"Portada","item":"https:\/\/greenteam.ufec.cat\/ca\/"},{"@type":"ListItem","position":2,"name":"GreenTeam impulsa el debat sobre esport, inclusi\u00f3 i sostenibilitat en un seminari europeu"}]},{"@type":"WebSite","@id":"https:\/\/greenteam.ufec.cat\/ca\/#website","url":"https:\/\/greenteam.ufec.cat\/ca\/","name":"Green Team","description":"Fostering sustainable, eco friendly and inclusive sporting events","publisher":{"@id":"https:\/\/greenteam.ufec.cat\/ca\/#organization"},"potentialAction":[{"@type":"SearchAction","target":{"@type":"EntryPoint","urlTemplate":"https:\/\/greenteam.ufec.cat\/ca\/?s={search_term_string}"},"query-input":"required name=search_term_string"}],"inLanguage":"ca"},{"@type":"Organization","@id":"https:\/\/greenteam.ufec.cat\/ca\/#organization","name":"Green Team","url":"https:\/\/greenteam.ufec.cat\/ca\/","logo":{"@type":"ImageObject","inLanguage":"ca","@id":"https:\/\/greenteam.ufec.cat\/ca\/#\/schema\/logo\/image\/","url":"https:\/\/greenteam.ufec.cat\/wp-content\/uploads\/2022\/08\/LOGO-GREEN-TEAM.svg","contentUrl":"https:\/\/greenteam.ufec.cat\/wp-content\/uploads\/2022\/08\/LOGO-GREEN-TEAM.svg","width":1920,"height":600,"caption":"Green Team"},"image":{"@id":"https:\/\/greenteam.ufec.cat\/ca\/#\/schema\/logo\/image\/"}},{"@type":"Person","@id":"https:\/\/greenteam.ufec.cat\/ca\/#\/schema\/person\/cb52c2d07d101573fcb8d9a3604285a4","name":"Premsa UFEC","image":{"@type":"ImageObject","inLanguage":"ca","@id":"https:\/\/greenteam.ufec.cat\/ca\/#\/schema\/person\/image\/","url":"https:\/\/secure.gravatar.com\/avatar\/3c332e4ba74306f0f021b2e2eb15d86eb35143b4c4aec9e52241d40ff06608d9?s=96&d=mm&r=g","contentUrl":"https:\/\/secure.gravatar.com\/avatar\/3c332e4ba74306f0f021b2e2eb15d86eb35143b4c4aec9e52241d40ff06608d9?s=96&d=mm&r=g","caption":"Premsa UFEC"},"url":"https:\/\/greenteam.ufec.cat\/ca\/author\/premsaufec-cat\/"}]}},"_links":{"self":[{"href":"https:\/\/greenteam.ufec.cat\/ca\/wp-json\/wp\/v2\/posts\/3953","targetHints":{"allow":["GET"]}}],"collection":[{"href":"https:\/\/greenteam.ufec.cat\/ca\/wp-json\/wp\/v2\/posts"}],"about":[{"href":"https:\/\/greenteam.ufec.cat\/ca\/wp-json\/wp\/v2\/types\/post"}],"author":[{"embeddable":true,"href":"https:\/\/greenteam.ufec.cat\/ca\/wp-json\/wp\/v2\/users\/2"}],"replies":[{"embeddable":true,"href":"https:\/\/greenteam.ufec.cat\/ca\/wp-json\/wp\/v2\/comments?post=3953"}],"version-history":[{"count":1,"href":"https:\/\/greenteam.ufec.cat\/ca\/wp-json\/wp\/v2\/posts\/3953\/revisions"}],"predecessor-version":[{"id":3957,"href":"https:\/\/greenteam.ufec.cat\/ca\/wp-json\/wp\/v2\/posts\/3953\/revisions\/3957"}],"wp:featuredmedia":[{"embeddable":true,"href":"https:\/\/greenteam.ufec.cat\/ca\/wp-json\/wp\/v2\/media\/3954"}],"wp:attachment":[{"href":"https:\/\/greenteam.ufec.cat\/ca\/wp-json\/wp\/v2\/media?parent=3953"}],"wp:term":[{"taxonomy":"category","embeddable":true,"href":"https:\/\/greenteam.ufec.cat\/ca\/wp-json\/wp\/v2\/categories?post=3953"},{"taxonomy":"post_tag","embeddable":true,"href":"https:\/\/greenteam.ufec.cat\/ca\/wp-json\/wp\/v2\/tags?post=3953"}],"curies":[{"name":"wp","href":"https:\/\/api.w.org\/{rel}","templated":true}]}}