{"id":3806,"date":"2025-06-30T07:49:11","date_gmt":"2025-06-30T07:49:11","guid":{"rendered":"https:\/\/greenteam.ufec.cat\/2025\/06\/30\/playsocial\/"},"modified":"2025-06-30T10:53:06","modified_gmt":"2025-06-30T10:53:06","slug":"playsocial","status":"publish","type":"post","link":"https:\/\/greenteam.ufec.cat\/ca\/2025\/06\/30\/playsocial\/","title":{"rendered":"\ud83d\udcf0 Formaci\u00f3 PLAYSOCIAL a Romania: Esport per a la Inclusi\u00f3 Social i la Sostenibilitat"},"content":{"rendered":"\n<p>\ud83d\udccd El 12 de juny, el Complex Esportiu Nacional Lia Manoliu de Bucarest, Romania, va acollir l&#8217;esdeveniment de formaci\u00f3 presencial del projecte PLAYSOCIAL, que va reunir <strong>20 participants de Romania, seleccionats entre m\u00e9s de 40 sol\u00b7licitants<\/strong> que havien completat la fase de formaci\u00f3 en l\u00ednia al maig.<\/p>\n\n\n\n<p>A m\u00e9s, <strong>m\u00e9s de 60 representants<\/strong> de federacions esportives nacionals, entrenadors, gestors esportius i altres parts interessades tamb\u00e9 van participar en l&#8217;esdeveniment.<\/p>\n\n\n\n<p>\ud83c\udfaf L&#8217;objectiu principal de PLAYSOCIAL \u00e9s <strong>formar entrenadors, l\u00edders comunitaris i representants d&#8217;institucions esportives en l&#8217;\u00fas de l&#8217;esport com a eina per a la inclusi\u00f3 social activa.<\/strong><\/p>\n\n\n\n<h2 class=\"wp-block-heading\">\ud83d\udc65 L&#8217;esdeveniment va comptar amb les intervencions principals de:<\/h2>\n\n\n\n<p>\u25aa\ufe0f <strong>Jorge Pina <\/strong>\u2013 Ambaixador de BeActive i exatleta paral\u00edmpic<\/p>\n\n\n\n<p><strong>\u25aa\ufe0f Ivo Quendera<\/strong> \u2013 Entrenador nacional de paracanoa<\/p>\n\n\n\n<p><strong>\u25aa\ufe0f Prashant Kunar<\/strong> \u2013 Convidat pels organitzadors de l&#8217;esdeveniment per compartir les seves opinions sobre la sostenibilitat en el sector esportiu<\/p>\n\n\n\n<p><strong>\u25aa\ufe0f Daniel Monteiro<\/strong> \u2013 Especialista en gesti\u00f3 esportiva<\/p>\n\n\n\n<p>\ud83c\udf31 L&#8217;esdeveniment tamb\u00e9 va ser una oportunitat per presentar el projecte <strong>GreenTeam<\/strong>, una iniciativa complement\u00e0ria a PLAYSOCIAL, que se centra en la<strong> sostenibilitat dels esdeveniments esportius<\/strong>.<\/p>\n\n\n\n<p>Els participants van aprendre sobre la import\u00e0ncia d&#8217;organitzar esdeveniments respectuosos amb el medi ambient, i <strong>la plataforma d&#8217;aprenentatge electr\u00f2nic GreenTeam<\/strong> es va destacar com una eina altament efica\u00e7 per promoure la sostenibilitat no nom\u00e9s des d&#8217;una perspectiva ambiental, sin\u00f3 tamb\u00e9 a trav\u00e9s de lents econ\u00f2miques i socials.<\/p>\n\n\n\n<p><\/p>\n","protected":false},"excerpt":{"rendered":"<p>El 12 de juny, al Complex Esportiu Nacional Lia Manoliu de Bucarest (Romania), la formaci\u00f3 PLAYSOCIAL va reunir 20 participants de Romania, seleccionats entre m\u00e9s de 40 sol\u00b7licitants que havien completat una fase de formaci\u00f3 en l\u00ednia al maig. A m\u00e9s d&#8217;ells, tamb\u00e9 hi van participar m\u00e9s de 60 representants de federacions nacionals, entrenadors, directius i altres.<\/p>\n","protected":false},"author":2,"featured_media":3800,"comment_status":"open","ping_status":"closed","sticky":false,"template":"","format":"standard","meta":{"footnotes":""},"categories":[12],"tags":[],"class_list":["post-3806","post","type-post","status-publish","format-standard","has-post-thumbnail","hentry","category-uncategorized-ca"],"yoast_head":"<!-- This site is optimized with the Yoast SEO plugin v20.3 - https:\/\/yoast.com\/wordpress\/plugins\/seo\/ -->\n<title>\ud83d\udcf0 Formaci\u00f3 PLAYSOCIAL a Romania: Esport per a la Inclusi\u00f3 Social i la Sostenibilitat - Green Team<\/title>\n<meta name=\"robots\" content=\"index, follow, max-snippet:-1, max-image-preview:large, max-video-preview:-1\" \/>\n<link rel=\"canonical\" href=\"https:\/\/greenteam.ufec.cat\/ca\/2025\/06\/30\/playsocial\/\" \/>\n<meta property=\"og:locale\" content=\"ca_ES\" \/>\n<meta property=\"og:type\" content=\"article\" \/>\n<meta property=\"og:title\" content=\"\ud83d\udcf0 Formaci\u00f3 PLAYSOCIAL a Romania: Esport per a la Inclusi\u00f3 Social i la Sostenibilitat - Green Team\" \/>\n<meta property=\"og:description\" content=\"El 12 de juny, al Complex Esportiu Nacional Lia Manoliu de Bucarest (Romania), la formaci\u00f3 PLAYSOCIAL va reunir 20 participants de Romania, seleccionats entre m\u00e9s de 40 sol\u00b7licitants que havien completat una fase de formaci\u00f3 en l\u00ednia al maig. A m\u00e9s d&#039;ells, tamb\u00e9 hi van participar m\u00e9s de 60 representants de federacions nacionals, entrenadors, directius i altres.\" \/>\n<meta property=\"og:url\" content=\"https:\/\/greenteam.ufec.cat\/ca\/2025\/06\/30\/playsocial\/\" \/>\n<meta property=\"og:site_name\" content=\"Green Team\" \/>\n<meta property=\"article:published_time\" content=\"2025-06-30T07:49:11+00:00\" \/>\n<meta property=\"article:modified_time\" content=\"2025-06-30T10:53:06+00:00\" \/>\n<meta property=\"og:image\" content=\"https:\/\/greenteam.ufec.cat\/wp-content\/uploads\/2025\/06\/Foto3-1.jpg\" \/>\n\t<meta property=\"og:image:width\" content=\"1600\" \/>\n\t<meta property=\"og:image:height\" content=\"900\" \/>\n\t<meta property=\"og:image:type\" content=\"image\/jpeg\" \/>\n<meta name=\"author\" content=\"Premsa UFEC\" \/>\n<meta name=\"twitter:card\" content=\"summary_large_image\" \/>\n<meta name=\"twitter:label1\" content=\"Escrit per\" \/>\n\t<meta name=\"twitter:data1\" content=\"Premsa UFEC\" \/>\n\t<meta name=\"twitter:label2\" content=\"Temps estimat de lectura\" \/>\n\t<meta name=\"twitter:data2\" content=\"1 minut\" \/>\n<script type=\"application\/ld+json\" class=\"yoast-schema-graph\">{\"@context\":\"https:\/\/schema.org\",\"@graph\":[{\"@type\":\"Article\",\"@id\":\"https:\/\/greenteam.ufec.cat\/ca\/2025\/06\/30\/playsocial\/#article\",\"isPartOf\":{\"@id\":\"https:\/\/greenteam.ufec.cat\/ca\/2025\/06\/30\/playsocial\/\"},\"author\":{\"name\":\"Premsa UFEC\",\"@id\":\"https:\/\/greenteam.ufec.cat\/ca\/#\/schema\/person\/cb52c2d07d101573fcb8d9a3604285a4\"},\"headline\":\"\ud83d\udcf0 Formaci\u00f3 PLAYSOCIAL a Romania: Esport per a la Inclusi\u00f3 Social i la Sostenibilitat\",\"datePublished\":\"2025-06-30T07:49:11+00:00\",\"dateModified\":\"2025-06-30T10:53:06+00:00\",\"mainEntityOfPage\":{\"@id\":\"https:\/\/greenteam.ufec.cat\/ca\/2025\/06\/30\/playsocial\/\"},\"wordCount\":247,\"commentCount\":0,\"publisher\":{\"@id\":\"https:\/\/greenteam.ufec.cat\/ca\/#organization\"},\"articleSection\":[\"Uncategorized @ca\"],\"inLanguage\":\"ca\",\"potentialAction\":[{\"@type\":\"CommentAction\",\"name\":\"Comment\",\"target\":[\"https:\/\/greenteam.ufec.cat\/ca\/2025\/06\/30\/playsocial\/#respond\"]}]},{\"@type\":\"WebPage\",\"@id\":\"https:\/\/greenteam.ufec.cat\/ca\/2025\/06\/30\/playsocial\/\",\"url\":\"https:\/\/greenteam.ufec.cat\/ca\/2025\/06\/30\/playsocial\/\",\"name\":\"\ud83d\udcf0 Formaci\u00f3 PLAYSOCIAL a Romania: Esport per a la Inclusi\u00f3 Social i la Sostenibilitat - Green Team\",\"isPartOf\":{\"@id\":\"https:\/\/greenteam.ufec.cat\/ca\/#website\"},\"datePublished\":\"2025-06-30T07:49:11+00:00\",\"dateModified\":\"2025-06-30T10:53:06+00:00\",\"breadcrumb\":{\"@id\":\"https:\/\/greenteam.ufec.cat\/ca\/2025\/06\/30\/playsocial\/#breadcrumb\"},\"inLanguage\":\"ca\",\"potentialAction\":[{\"@type\":\"ReadAction\",\"target\":[\"https:\/\/greenteam.ufec.cat\/ca\/2025\/06\/30\/playsocial\/\"]}]},{\"@type\":\"BreadcrumbList\",\"@id\":\"https:\/\/greenteam.ufec.cat\/ca\/2025\/06\/30\/playsocial\/#breadcrumb\",\"itemListElement\":[{\"@type\":\"ListItem\",\"position\":1,\"name\":\"Portada\",\"item\":\"https:\/\/greenteam.ufec.cat\/ca\/\"},{\"@type\":\"ListItem\",\"position\":2,\"name\":\"\ud83d\udcf0 Formaci\u00f3 PLAYSOCIAL a Romania: Esport per a la Inclusi\u00f3 Social i la Sostenibilitat\"}]},{\"@type\":\"WebSite\",\"@id\":\"https:\/\/greenteam.ufec.cat\/ca\/#website\",\"url\":\"https:\/\/greenteam.ufec.cat\/ca\/\",\"name\":\"Green Team\",\"description\":\"Fostering sustainable, eco friendly and inclusive sporting events\",\"publisher\":{\"@id\":\"https:\/\/greenteam.ufec.cat\/ca\/#organization\"},\"potentialAction\":[{\"@type\":\"SearchAction\",\"target\":{\"@type\":\"EntryPoint\",\"urlTemplate\":\"https:\/\/greenteam.ufec.cat\/ca\/?s={search_term_string}\"},\"query-input\":\"required name=search_term_string\"}],\"inLanguage\":\"ca\"},{\"@type\":\"Organization\",\"@id\":\"https:\/\/greenteam.ufec.cat\/ca\/#organization\",\"name\":\"Green Team\",\"url\":\"https:\/\/greenteam.ufec.cat\/ca\/\",\"logo\":{\"@type\":\"ImageObject\",\"inLanguage\":\"ca\",\"@id\":\"https:\/\/greenteam.ufec.cat\/ca\/#\/schema\/logo\/image\/\",\"url\":\"https:\/\/greenteam.ufec.cat\/wp-content\/uploads\/2022\/08\/LOGO-GREEN-TEAM.svg\",\"contentUrl\":\"https:\/\/greenteam.ufec.cat\/wp-content\/uploads\/2022\/08\/LOGO-GREEN-TEAM.svg\",\"width\":1920,\"height\":600,\"caption\":\"Green Team\"},\"image\":{\"@id\":\"https:\/\/greenteam.ufec.cat\/ca\/#\/schema\/logo\/image\/\"}},{\"@type\":\"Person\",\"@id\":\"https:\/\/greenteam.ufec.cat\/ca\/#\/schema\/person\/cb52c2d07d101573fcb8d9a3604285a4\",\"name\":\"Premsa UFEC\",\"image\":{\"@type\":\"ImageObject\",\"inLanguage\":\"ca\",\"@id\":\"https:\/\/greenteam.ufec.cat\/ca\/#\/schema\/person\/image\/\",\"url\":\"https:\/\/secure.gravatar.com\/avatar\/3c332e4ba74306f0f021b2e2eb15d86eb35143b4c4aec9e52241d40ff06608d9?s=96&d=mm&r=g\",\"contentUrl\":\"https:\/\/secure.gravatar.com\/avatar\/3c332e4ba74306f0f021b2e2eb15d86eb35143b4c4aec9e52241d40ff06608d9?s=96&d=mm&r=g\",\"caption\":\"Premsa UFEC\"},\"url\":\"https:\/\/greenteam.ufec.cat\/ca\/author\/premsaufec-cat\/\"}]}<\/script>\n<!-- \/ Yoast SEO plugin. -->","yoast_head_json":{"title":"\ud83d\udcf0 Formaci\u00f3 PLAYSOCIAL a Romania: Esport per a la Inclusi\u00f3 Social i la Sostenibilitat - Green Team","robots":{"index":"index","follow":"follow","max-snippet":"max-snippet:-1","max-image-preview":"max-image-preview:large","max-video-preview":"max-video-preview:-1"},"canonical":"https:\/\/greenteam.ufec.cat\/ca\/2025\/06\/30\/playsocial\/","og_locale":"ca_ES","og_type":"article","og_title":"\ud83d\udcf0 Formaci\u00f3 PLAYSOCIAL a Romania: Esport per a la Inclusi\u00f3 Social i la Sostenibilitat - Green Team","og_description":"El 12 de juny, al Complex Esportiu Nacional Lia Manoliu de Bucarest (Romania), la formaci\u00f3 PLAYSOCIAL va reunir 20 participants de Romania, seleccionats entre m\u00e9s de 40 sol\u00b7licitants que havien completat una fase de formaci\u00f3 en l\u00ednia al maig. A m\u00e9s d'ells, tamb\u00e9 hi van participar m\u00e9s de 60 representants de federacions nacionals, entrenadors, directius i altres.","og_url":"https:\/\/greenteam.ufec.cat\/ca\/2025\/06\/30\/playsocial\/","og_site_name":"Green Team","article_published_time":"2025-06-30T07:49:11+00:00","article_modified_time":"2025-06-30T10:53:06+00:00","og_image":[{"width":1600,"height":900,"url":"https:\/\/greenteam.ufec.cat\/wp-content\/uploads\/2025\/06\/Foto3-1.jpg","type":"image\/jpeg"}],"author":"Premsa UFEC","twitter_card":"summary_large_image","twitter_misc":{"Escrit per":"Premsa UFEC","Temps estimat de lectura":"1 minut"},"schema":{"@context":"https:\/\/schema.org","@graph":[{"@type":"Article","@id":"https:\/\/greenteam.ufec.cat\/ca\/2025\/06\/30\/playsocial\/#article","isPartOf":{"@id":"https:\/\/greenteam.ufec.cat\/ca\/2025\/06\/30\/playsocial\/"},"author":{"name":"Premsa UFEC","@id":"https:\/\/greenteam.ufec.cat\/ca\/#\/schema\/person\/cb52c2d07d101573fcb8d9a3604285a4"},"headline":"\ud83d\udcf0 Formaci\u00f3 PLAYSOCIAL a Romania: Esport per a la Inclusi\u00f3 Social i la Sostenibilitat","datePublished":"2025-06-30T07:49:11+00:00","dateModified":"2025-06-30T10:53:06+00:00","mainEntityOfPage":{"@id":"https:\/\/greenteam.ufec.cat\/ca\/2025\/06\/30\/playsocial\/"},"wordCount":247,"commentCount":0,"publisher":{"@id":"https:\/\/greenteam.ufec.cat\/ca\/#organization"},"articleSection":["Uncategorized @ca"],"inLanguage":"ca","potentialAction":[{"@type":"CommentAction","name":"Comment","target":["https:\/\/greenteam.ufec.cat\/ca\/2025\/06\/30\/playsocial\/#respond"]}]},{"@type":"WebPage","@id":"https:\/\/greenteam.ufec.cat\/ca\/2025\/06\/30\/playsocial\/","url":"https:\/\/greenteam.ufec.cat\/ca\/2025\/06\/30\/playsocial\/","name":"\ud83d\udcf0 Formaci\u00f3 PLAYSOCIAL a Romania: Esport per a la Inclusi\u00f3 Social i la Sostenibilitat - Green Team","isPartOf":{"@id":"https:\/\/greenteam.ufec.cat\/ca\/#website"},"datePublished":"2025-06-30T07:49:11+00:00","dateModified":"2025-06-30T10:53:06+00:00","breadcrumb":{"@id":"https:\/\/greenteam.ufec.cat\/ca\/2025\/06\/30\/playsocial\/#breadcrumb"},"inLanguage":"ca","potentialAction":[{"@type":"ReadAction","target":["https:\/\/greenteam.ufec.cat\/ca\/2025\/06\/30\/playsocial\/"]}]},{"@type":"BreadcrumbList","@id":"https:\/\/greenteam.ufec.cat\/ca\/2025\/06\/30\/playsocial\/#breadcrumb","itemListElement":[{"@type":"ListItem","position":1,"name":"Portada","item":"https:\/\/greenteam.ufec.cat\/ca\/"},{"@type":"ListItem","position":2,"name":"\ud83d\udcf0 Formaci\u00f3 PLAYSOCIAL a Romania: Esport per a la Inclusi\u00f3 Social i la Sostenibilitat"}]},{"@type":"WebSite","@id":"https:\/\/greenteam.ufec.cat\/ca\/#website","url":"https:\/\/greenteam.ufec.cat\/ca\/","name":"Green Team","description":"Fostering sustainable, eco friendly and inclusive sporting events","publisher":{"@id":"https:\/\/greenteam.ufec.cat\/ca\/#organization"},"potentialAction":[{"@type":"SearchAction","target":{"@type":"EntryPoint","urlTemplate":"https:\/\/greenteam.ufec.cat\/ca\/?s={search_term_string}"},"query-input":"required name=search_term_string"}],"inLanguage":"ca"},{"@type":"Organization","@id":"https:\/\/greenteam.ufec.cat\/ca\/#organization","name":"Green Team","url":"https:\/\/greenteam.ufec.cat\/ca\/","logo":{"@type":"ImageObject","inLanguage":"ca","@id":"https:\/\/greenteam.ufec.cat\/ca\/#\/schema\/logo\/image\/","url":"https:\/\/greenteam.ufec.cat\/wp-content\/uploads\/2022\/08\/LOGO-GREEN-TEAM.svg","contentUrl":"https:\/\/greenteam.ufec.cat\/wp-content\/uploads\/2022\/08\/LOGO-GREEN-TEAM.svg","width":1920,"height":600,"caption":"Green Team"},"image":{"@id":"https:\/\/greenteam.ufec.cat\/ca\/#\/schema\/logo\/image\/"}},{"@type":"Person","@id":"https:\/\/greenteam.ufec.cat\/ca\/#\/schema\/person\/cb52c2d07d101573fcb8d9a3604285a4","name":"Premsa UFEC","image":{"@type":"ImageObject","inLanguage":"ca","@id":"https:\/\/greenteam.ufec.cat\/ca\/#\/schema\/person\/image\/","url":"https:\/\/secure.gravatar.com\/avatar\/3c332e4ba74306f0f021b2e2eb15d86eb35143b4c4aec9e52241d40ff06608d9?s=96&d=mm&r=g","contentUrl":"https:\/\/secure.gravatar.com\/avatar\/3c332e4ba74306f0f021b2e2eb15d86eb35143b4c4aec9e52241d40ff06608d9?s=96&d=mm&r=g","caption":"Premsa UFEC"},"url":"https:\/\/greenteam.ufec.cat\/ca\/author\/premsaufec-cat\/"}]}},"_links":{"self":[{"href":"https:\/\/greenteam.ufec.cat\/ca\/wp-json\/wp\/v2\/posts\/3806","targetHints":{"allow":["GET"]}}],"collection":[{"href":"https:\/\/greenteam.ufec.cat\/ca\/wp-json\/wp\/v2\/posts"}],"about":[{"href":"https:\/\/greenteam.ufec.cat\/ca\/wp-json\/wp\/v2\/types\/post"}],"author":[{"embeddable":true,"href":"https:\/\/greenteam.ufec.cat\/ca\/wp-json\/wp\/v2\/users\/2"}],"replies":[{"embeddable":true,"href":"https:\/\/greenteam.ufec.cat\/ca\/wp-json\/wp\/v2\/comments?post=3806"}],"version-history":[{"count":15,"href":"https:\/\/greenteam.ufec.cat\/ca\/wp-json\/wp\/v2\/posts\/3806\/revisions"}],"predecessor-version":[{"id":3839,"href":"https:\/\/greenteam.ufec.cat\/ca\/wp-json\/wp\/v2\/posts\/3806\/revisions\/3839"}],"wp:featuredmedia":[{"embeddable":true,"href":"https:\/\/greenteam.ufec.cat\/ca\/wp-json\/wp\/v2\/media\/3800"}],"wp:attachment":[{"href":"https:\/\/greenteam.ufec.cat\/ca\/wp-json\/wp\/v2\/media?parent=3806"}],"wp:term":[{"taxonomy":"category","embeddable":true,"href":"https:\/\/greenteam.ufec.cat\/ca\/wp-json\/wp\/v2\/categories?post=3806"},{"taxonomy":"post_tag","embeddable":true,"href":"https:\/\/greenteam.ufec.cat\/ca\/wp-json\/wp\/v2\/tags?post=3806"}],"curies":[{"name":"wp","href":"https:\/\/api.w.org\/{rel}","templated":true}]}}