{"id":3776,"date":"2025-06-05T13:54:37","date_gmt":"2025-06-05T13:54:37","guid":{"rendered":"https:\/\/greenteam.ufec.cat\/?p=3776"},"modified":"2025-06-05T13:58:05","modified_gmt":"2025-06-05T13:58:05","slug":"climatica","status":"publish","type":"post","link":"https:\/\/greenteam.ufec.cat\/ca\/2025\/06\/05\/climatica\/","title":{"rendered":"\ud83c\udf0d\u00a0Dia Mundial del Medi Ambient: l\u2019esport, clau per a un futur sostenible"},"content":{"rendered":"\n<p>En el&nbsp;<strong>Dia Mundial del Medi Ambient<\/strong>, volem posar en valor el paper transformador de l\u2019esport en la lluita contra l\u2019emerg\u00e8ncia clim\u00e0tica. El sector esportiu t\u00e9 una oportunitat \u00fanica per liderar el canvi cap a un futur&nbsp;<strong>m\u00e9s verd, inclusiu i just<\/strong>.<\/p>\n\n\n\n<p>Des del projecte europeu&nbsp;<strong>#GreenTeam<\/strong>, cofinan\u00e7at per la&nbsp;<strong>Comissi\u00f3 Europea<\/strong>, estem treballant per impulsar&nbsp;<strong>esdeveniments esportius sostenibles<\/strong>&nbsp;arreu d\u2019Europa. L\u2019objectiu \u00e9s&nbsp;<strong>acompanyar el sector esportiu<\/strong>&nbsp;perqu\u00e8 integri criteris ambientals i socials en les seves pr\u00e0ctiques habituals.<\/p>\n\n\n\n<p>\u267b\ufe0f&nbsp;<strong>Bones pr\u00e0ctiques que marquen la difer\u00e8ncia<\/strong>:<\/p>\n\n\n\n<ul class=\"wp-block-list\">\n<li>Reduir l\u2019\u00fas de pl\u00e0stics d\u2019un sol \u00fas<\/li>\n\n\n\n<li>Apostar pel transport sostenible<\/li>\n\n\n\n<li>Fomentar la inclusi\u00f3 de col\u00b7lectius vulnerables<\/li>\n\n\n\n<li>Gestionar adequadament els residus<\/li>\n\n\n\n<li>Educar en valors de sostenibilitat i respecte<\/li>\n<\/ul>\n\n\n\n<p>\u26bd\ud83c\udfc3\u200d\u2640\ufe0f&nbsp;Cada esdeveniment esportiu \u00e9s una oportunitat per inspirar, sensibilitzar i generar impacte positiu.<\/p>\n\n\n\n<p>\ud83d\udc9a&nbsp;Si formes part del m\u00f3n de l\u2019esport, uneix-te al moviment. Descobreix com fer que&nbsp;<strong>el teu pr\u00f2xim esdeveniment esportiu sigui tamb\u00e9 una vict\u00f2ria per al planeta i per a tothom<\/strong>.<\/p>\n\n\n\n<p><\/p>\n","protected":false},"excerpt":{"rendered":"<p>En el&nbsp;Dia Mundial del Medi Ambient, volem posar en valor el paper transformador de l\u2019esport en la lluita contra l\u2019emerg\u00e8ncia clim\u00e0tica. El sector esportiu t\u00e9 una oportunitat \u00fanica per liderar el canvi cap a un futur&nbsp;m\u00e9s verd, inclusiu i just. Des del projecte europeu&nbsp;#GreenTeam, cofinan\u00e7at per la&nbsp;Comissi\u00f3 Europea, estem treballant per impulsar&nbsp;esdeveniments esportius sostenibles&nbsp;arreu d\u2019Europa. [&hellip;]<\/p>\n","protected":false},"author":2,"featured_media":3769,"comment_status":"open","ping_status":"closed","sticky":false,"template":"","format":"standard","meta":{"footnotes":""},"categories":[12],"tags":[],"class_list":["post-3776","post","type-post","status-publish","format-standard","has-post-thumbnail","hentry","category-uncategorized-ca"],"yoast_head":"<!-- This site is optimized with the Yoast SEO plugin v20.3 - https:\/\/yoast.com\/wordpress\/plugins\/seo\/ -->\n<title>\ud83c\udf0d\u00a0Dia Mundial del Medi Ambient: l\u2019esport, clau per a un futur sostenible - Green Team<\/title>\n<meta name=\"description\" content=\"En el\u00a0Dia Mundial del Medi Ambient, volem posar en valor el paper transformador de l\u2019esport en la lluita contra l\u2019emerg\u00e8ncia clim\u00e0tica.\" \/>\n<meta name=\"robots\" content=\"index, follow, max-snippet:-1, max-image-preview:large, max-video-preview:-1\" \/>\n<link rel=\"canonical\" href=\"https:\/\/greenteam.ufec.cat\/ca\/2025\/06\/05\/climatica\/\" \/>\n<meta property=\"og:locale\" content=\"ca_ES\" \/>\n<meta property=\"og:type\" content=\"article\" \/>\n<meta property=\"og:title\" content=\"\ud83c\udf0d\u00a0Dia Mundial del Medi Ambient: l\u2019esport, clau per a un futur sostenible - Green Team\" \/>\n<meta property=\"og:description\" content=\"En el\u00a0Dia Mundial del Medi Ambient, volem posar en valor el paper transformador de l\u2019esport en la lluita contra l\u2019emerg\u00e8ncia clim\u00e0tica.\" \/>\n<meta property=\"og:url\" content=\"https:\/\/greenteam.ufec.cat\/ca\/2025\/06\/05\/climatica\/\" \/>\n<meta property=\"og:site_name\" content=\"Green Team\" \/>\n<meta property=\"article:published_time\" content=\"2025-06-05T13:54:37+00:00\" \/>\n<meta property=\"article:modified_time\" content=\"2025-06-05T13:58:05+00:00\" \/>\n<meta property=\"og:image\" content=\"https:\/\/greenteam.ufec.cat\/wp-content\/uploads\/2025\/06\/pexels-dorothycastillo-2270328-1.jpg\" \/>\n\t<meta property=\"og:image:width\" content=\"1920\" \/>\n\t<meta property=\"og:image:height\" content=\"1280\" \/>\n\t<meta property=\"og:image:type\" content=\"image\/jpeg\" \/>\n<meta name=\"author\" content=\"Premsa UFEC\" \/>\n<meta name=\"twitter:card\" content=\"summary_large_image\" \/>\n<meta name=\"twitter:label1\" content=\"Escrit per\" \/>\n\t<meta name=\"twitter:data1\" content=\"Premsa UFEC\" \/>\n\t<meta name=\"twitter:label2\" content=\"Temps estimat de lectura\" \/>\n\t<meta name=\"twitter:data2\" content=\"1 minut\" \/>\n<script type=\"application\/ld+json\" class=\"yoast-schema-graph\">{\"@context\":\"https:\/\/schema.org\",\"@graph\":[{\"@type\":\"Article\",\"@id\":\"https:\/\/greenteam.ufec.cat\/ca\/2025\/06\/05\/climatica\/#article\",\"isPartOf\":{\"@id\":\"https:\/\/greenteam.ufec.cat\/ca\/2025\/06\/05\/climatica\/\"},\"author\":{\"name\":\"Premsa UFEC\",\"@id\":\"https:\/\/greenteam.ufec.cat\/ca\/#\/schema\/person\/cb52c2d07d101573fcb8d9a3604285a4\"},\"headline\":\"\ud83c\udf0d\u00a0Dia Mundial del Medi Ambient: l\u2019esport, clau per a un futur sostenible\",\"datePublished\":\"2025-06-05T13:54:37+00:00\",\"dateModified\":\"2025-06-05T13:58:05+00:00\",\"mainEntityOfPage\":{\"@id\":\"https:\/\/greenteam.ufec.cat\/ca\/2025\/06\/05\/climatica\/\"},\"wordCount\":199,\"commentCount\":0,\"publisher\":{\"@id\":\"https:\/\/greenteam.ufec.cat\/ca\/#organization\"},\"articleSection\":[\"Uncategorized @ca\"],\"inLanguage\":\"ca\",\"potentialAction\":[{\"@type\":\"CommentAction\",\"name\":\"Comment\",\"target\":[\"https:\/\/greenteam.ufec.cat\/ca\/2025\/06\/05\/climatica\/#respond\"]}]},{\"@type\":\"WebPage\",\"@id\":\"https:\/\/greenteam.ufec.cat\/ca\/2025\/06\/05\/climatica\/\",\"url\":\"https:\/\/greenteam.ufec.cat\/ca\/2025\/06\/05\/climatica\/\",\"name\":\"\ud83c\udf0d\u00a0Dia Mundial del Medi Ambient: l\u2019esport, clau per a un futur sostenible - Green Team\",\"isPartOf\":{\"@id\":\"https:\/\/greenteam.ufec.cat\/ca\/#website\"},\"datePublished\":\"2025-06-05T13:54:37+00:00\",\"dateModified\":\"2025-06-05T13:58:05+00:00\",\"description\":\"En el\u00a0Dia Mundial del Medi Ambient, volem posar en valor el paper transformador de l\u2019esport en la lluita contra l\u2019emerg\u00e8ncia clim\u00e0tica.\",\"breadcrumb\":{\"@id\":\"https:\/\/greenteam.ufec.cat\/ca\/2025\/06\/05\/climatica\/#breadcrumb\"},\"inLanguage\":\"ca\",\"potentialAction\":[{\"@type\":\"ReadAction\",\"target\":[\"https:\/\/greenteam.ufec.cat\/ca\/2025\/06\/05\/climatica\/\"]}]},{\"@type\":\"BreadcrumbList\",\"@id\":\"https:\/\/greenteam.ufec.cat\/ca\/2025\/06\/05\/climatica\/#breadcrumb\",\"itemListElement\":[{\"@type\":\"ListItem\",\"position\":1,\"name\":\"Portada\",\"item\":\"https:\/\/greenteam.ufec.cat\/ca\/\"},{\"@type\":\"ListItem\",\"position\":2,\"name\":\"\ud83c\udf0d\u00a0Dia Mundial del Medi Ambient: l\u2019esport, clau per a un futur sostenible\"}]},{\"@type\":\"WebSite\",\"@id\":\"https:\/\/greenteam.ufec.cat\/ca\/#website\",\"url\":\"https:\/\/greenteam.ufec.cat\/ca\/\",\"name\":\"Green Team\",\"description\":\"Fostering sustainable, eco friendly and inclusive sporting events\",\"publisher\":{\"@id\":\"https:\/\/greenteam.ufec.cat\/ca\/#organization\"},\"potentialAction\":[{\"@type\":\"SearchAction\",\"target\":{\"@type\":\"EntryPoint\",\"urlTemplate\":\"https:\/\/greenteam.ufec.cat\/ca\/?s={search_term_string}\"},\"query-input\":\"required name=search_term_string\"}],\"inLanguage\":\"ca\"},{\"@type\":\"Organization\",\"@id\":\"https:\/\/greenteam.ufec.cat\/ca\/#organization\",\"name\":\"Green Team\",\"url\":\"https:\/\/greenteam.ufec.cat\/ca\/\",\"logo\":{\"@type\":\"ImageObject\",\"inLanguage\":\"ca\",\"@id\":\"https:\/\/greenteam.ufec.cat\/ca\/#\/schema\/logo\/image\/\",\"url\":\"https:\/\/greenteam.ufec.cat\/wp-content\/uploads\/2022\/08\/LOGO-GREEN-TEAM.svg\",\"contentUrl\":\"https:\/\/greenteam.ufec.cat\/wp-content\/uploads\/2022\/08\/LOGO-GREEN-TEAM.svg\",\"width\":1920,\"height\":600,\"caption\":\"Green Team\"},\"image\":{\"@id\":\"https:\/\/greenteam.ufec.cat\/ca\/#\/schema\/logo\/image\/\"}},{\"@type\":\"Person\",\"@id\":\"https:\/\/greenteam.ufec.cat\/ca\/#\/schema\/person\/cb52c2d07d101573fcb8d9a3604285a4\",\"name\":\"Premsa UFEC\",\"image\":{\"@type\":\"ImageObject\",\"inLanguage\":\"ca\",\"@id\":\"https:\/\/greenteam.ufec.cat\/ca\/#\/schema\/person\/image\/\",\"url\":\"https:\/\/secure.gravatar.com\/avatar\/3c332e4ba74306f0f021b2e2eb15d86eb35143b4c4aec9e52241d40ff06608d9?s=96&d=mm&r=g\",\"contentUrl\":\"https:\/\/secure.gravatar.com\/avatar\/3c332e4ba74306f0f021b2e2eb15d86eb35143b4c4aec9e52241d40ff06608d9?s=96&d=mm&r=g\",\"caption\":\"Premsa UFEC\"},\"url\":\"https:\/\/greenteam.ufec.cat\/ca\/author\/premsaufec-cat\/\"}]}<\/script>\n<!-- \/ Yoast SEO plugin. -->","yoast_head_json":{"title":"\ud83c\udf0d\u00a0Dia Mundial del Medi Ambient: l\u2019esport, clau per a un futur sostenible - Green Team","description":"En el\u00a0Dia Mundial del Medi Ambient, volem posar en valor el paper transformador de l\u2019esport en la lluita contra l\u2019emerg\u00e8ncia clim\u00e0tica.","robots":{"index":"index","follow":"follow","max-snippet":"max-snippet:-1","max-image-preview":"max-image-preview:large","max-video-preview":"max-video-preview:-1"},"canonical":"https:\/\/greenteam.ufec.cat\/ca\/2025\/06\/05\/climatica\/","og_locale":"ca_ES","og_type":"article","og_title":"\ud83c\udf0d\u00a0Dia Mundial del Medi Ambient: l\u2019esport, clau per a un futur sostenible - Green Team","og_description":"En el\u00a0Dia Mundial del Medi Ambient, volem posar en valor el paper transformador de l\u2019esport en la lluita contra l\u2019emerg\u00e8ncia clim\u00e0tica.","og_url":"https:\/\/greenteam.ufec.cat\/ca\/2025\/06\/05\/climatica\/","og_site_name":"Green Team","article_published_time":"2025-06-05T13:54:37+00:00","article_modified_time":"2025-06-05T13:58:05+00:00","og_image":[{"width":1920,"height":1280,"url":"https:\/\/greenteam.ufec.cat\/wp-content\/uploads\/2025\/06\/pexels-dorothycastillo-2270328-1.jpg","type":"image\/jpeg"}],"author":"Premsa UFEC","twitter_card":"summary_large_image","twitter_misc":{"Escrit per":"Premsa UFEC","Temps estimat de lectura":"1 minut"},"schema":{"@context":"https:\/\/schema.org","@graph":[{"@type":"Article","@id":"https:\/\/greenteam.ufec.cat\/ca\/2025\/06\/05\/climatica\/#article","isPartOf":{"@id":"https:\/\/greenteam.ufec.cat\/ca\/2025\/06\/05\/climatica\/"},"author":{"name":"Premsa UFEC","@id":"https:\/\/greenteam.ufec.cat\/ca\/#\/schema\/person\/cb52c2d07d101573fcb8d9a3604285a4"},"headline":"\ud83c\udf0d\u00a0Dia Mundial del Medi Ambient: l\u2019esport, clau per a un futur sostenible","datePublished":"2025-06-05T13:54:37+00:00","dateModified":"2025-06-05T13:58:05+00:00","mainEntityOfPage":{"@id":"https:\/\/greenteam.ufec.cat\/ca\/2025\/06\/05\/climatica\/"},"wordCount":199,"commentCount":0,"publisher":{"@id":"https:\/\/greenteam.ufec.cat\/ca\/#organization"},"articleSection":["Uncategorized @ca"],"inLanguage":"ca","potentialAction":[{"@type":"CommentAction","name":"Comment","target":["https:\/\/greenteam.ufec.cat\/ca\/2025\/06\/05\/climatica\/#respond"]}]},{"@type":"WebPage","@id":"https:\/\/greenteam.ufec.cat\/ca\/2025\/06\/05\/climatica\/","url":"https:\/\/greenteam.ufec.cat\/ca\/2025\/06\/05\/climatica\/","name":"\ud83c\udf0d\u00a0Dia Mundial del Medi Ambient: l\u2019esport, clau per a un futur sostenible - Green Team","isPartOf":{"@id":"https:\/\/greenteam.ufec.cat\/ca\/#website"},"datePublished":"2025-06-05T13:54:37+00:00","dateModified":"2025-06-05T13:58:05+00:00","description":"En el\u00a0Dia Mundial del Medi Ambient, volem posar en valor el paper transformador de l\u2019esport en la lluita contra l\u2019emerg\u00e8ncia clim\u00e0tica.","breadcrumb":{"@id":"https:\/\/greenteam.ufec.cat\/ca\/2025\/06\/05\/climatica\/#breadcrumb"},"inLanguage":"ca","potentialAction":[{"@type":"ReadAction","target":["https:\/\/greenteam.ufec.cat\/ca\/2025\/06\/05\/climatica\/"]}]},{"@type":"BreadcrumbList","@id":"https:\/\/greenteam.ufec.cat\/ca\/2025\/06\/05\/climatica\/#breadcrumb","itemListElement":[{"@type":"ListItem","position":1,"name":"Portada","item":"https:\/\/greenteam.ufec.cat\/ca\/"},{"@type":"ListItem","position":2,"name":"\ud83c\udf0d\u00a0Dia Mundial del Medi Ambient: l\u2019esport, clau per a un futur sostenible"}]},{"@type":"WebSite","@id":"https:\/\/greenteam.ufec.cat\/ca\/#website","url":"https:\/\/greenteam.ufec.cat\/ca\/","name":"Green Team","description":"Fostering sustainable, eco friendly and inclusive sporting events","publisher":{"@id":"https:\/\/greenteam.ufec.cat\/ca\/#organization"},"potentialAction":[{"@type":"SearchAction","target":{"@type":"EntryPoint","urlTemplate":"https:\/\/greenteam.ufec.cat\/ca\/?s={search_term_string}"},"query-input":"required name=search_term_string"}],"inLanguage":"ca"},{"@type":"Organization","@id":"https:\/\/greenteam.ufec.cat\/ca\/#organization","name":"Green Team","url":"https:\/\/greenteam.ufec.cat\/ca\/","logo":{"@type":"ImageObject","inLanguage":"ca","@id":"https:\/\/greenteam.ufec.cat\/ca\/#\/schema\/logo\/image\/","url":"https:\/\/greenteam.ufec.cat\/wp-content\/uploads\/2022\/08\/LOGO-GREEN-TEAM.svg","contentUrl":"https:\/\/greenteam.ufec.cat\/wp-content\/uploads\/2022\/08\/LOGO-GREEN-TEAM.svg","width":1920,"height":600,"caption":"Green Team"},"image":{"@id":"https:\/\/greenteam.ufec.cat\/ca\/#\/schema\/logo\/image\/"}},{"@type":"Person","@id":"https:\/\/greenteam.ufec.cat\/ca\/#\/schema\/person\/cb52c2d07d101573fcb8d9a3604285a4","name":"Premsa UFEC","image":{"@type":"ImageObject","inLanguage":"ca","@id":"https:\/\/greenteam.ufec.cat\/ca\/#\/schema\/person\/image\/","url":"https:\/\/secure.gravatar.com\/avatar\/3c332e4ba74306f0f021b2e2eb15d86eb35143b4c4aec9e52241d40ff06608d9?s=96&d=mm&r=g","contentUrl":"https:\/\/secure.gravatar.com\/avatar\/3c332e4ba74306f0f021b2e2eb15d86eb35143b4c4aec9e52241d40ff06608d9?s=96&d=mm&r=g","caption":"Premsa UFEC"},"url":"https:\/\/greenteam.ufec.cat\/ca\/author\/premsaufec-cat\/"}]}},"_links":{"self":[{"href":"https:\/\/greenteam.ufec.cat\/ca\/wp-json\/wp\/v2\/posts\/3776","targetHints":{"allow":["GET"]}}],"collection":[{"href":"https:\/\/greenteam.ufec.cat\/ca\/wp-json\/wp\/v2\/posts"}],"about":[{"href":"https:\/\/greenteam.ufec.cat\/ca\/wp-json\/wp\/v2\/types\/post"}],"author":[{"embeddable":true,"href":"https:\/\/greenteam.ufec.cat\/ca\/wp-json\/wp\/v2\/users\/2"}],"replies":[{"embeddable":true,"href":"https:\/\/greenteam.ufec.cat\/ca\/wp-json\/wp\/v2\/comments?post=3776"}],"version-history":[{"count":2,"href":"https:\/\/greenteam.ufec.cat\/ca\/wp-json\/wp\/v2\/posts\/3776\/revisions"}],"predecessor-version":[{"id":3778,"href":"https:\/\/greenteam.ufec.cat\/ca\/wp-json\/wp\/v2\/posts\/3776\/revisions\/3778"}],"wp:featuredmedia":[{"embeddable":true,"href":"https:\/\/greenteam.ufec.cat\/ca\/wp-json\/wp\/v2\/media\/3769"}],"wp:attachment":[{"href":"https:\/\/greenteam.ufec.cat\/ca\/wp-json\/wp\/v2\/media?parent=3776"}],"wp:term":[{"taxonomy":"category","embeddable":true,"href":"https:\/\/greenteam.ufec.cat\/ca\/wp-json\/wp\/v2\/categories?post=3776"},{"taxonomy":"post_tag","embeddable":true,"href":"https:\/\/greenteam.ufec.cat\/ca\/wp-json\/wp\/v2\/tags?post=3776"}],"curies":[{"name":"wp","href":"https:\/\/api.w.org\/{rel}","templated":true}]}}