{"id":3757,"date":"2025-05-28T12:52:32","date_gmt":"2025-05-28T12:52:32","guid":{"rendered":"https:\/\/greenteam.ufec.cat\/?p=3757"},"modified":"2025-05-28T12:54:26","modified_gmt":"2025-05-28T12:54:26","slug":"la-ufec-i-el-seu-compromis-mediambiental","status":"publish","type":"post","link":"https:\/\/greenteam.ufec.cat\/ca\/2025\/05\/28\/la-ufec-i-el-seu-compromis-mediambiental\/","title":{"rendered":"La UFEC i el seu comprom\u00eds mediambiental"},"content":{"rendered":"\t\t<div data-elementor-type=\"wp-post\" data-elementor-id=\"3757\" class=\"elementor elementor-3757\">\n\t\t\t\t\t\t\t\t\t<section class=\"elementor-section elementor-top-section elementor-element elementor-element-ce84f85 elementor-section-boxed elementor-section-height-default elementor-section-height-default\" data-id=\"ce84f85\" data-element_type=\"section\">\n\t\t\t\t\t\t<div class=\"elementor-container elementor-column-gap-default\">\n\t\t\t\t\t<div class=\"elementor-column elementor-col-100 elementor-top-column elementor-element elementor-element-3834605\" data-id=\"3834605\" data-element_type=\"column\">\n\t\t\t<div class=\"elementor-widget-wrap elementor-element-populated\">\n\t\t\t\t\t\t\t\t<div class=\"elementor-element elementor-element-dba725a elementor-widget elementor-widget-image\" data-id=\"dba725a\" data-element_type=\"widget\" data-widget_type=\"image.default\">\n\t\t\t\t<div class=\"elementor-widget-container\">\n\t\t\t<style>\/*! elementor - v3.11.5 - 14-03-2023 *\/\n.elementor-widget-image{text-align:center}.elementor-widget-image a{display:inline-block}.elementor-widget-image a img[src$=\".svg\"]{width:48px}.elementor-widget-image img{vertical-align:middle;display:inline-block}<\/style>\t\t\t\t\t\t\t\t\t\t\t\t<img loading=\"lazy\" decoding=\"async\" width=\"800\" height=\"534\" src=\"https:\/\/greenteam.ufec.cat\/wp-content\/uploads\/2025\/05\/DD-1-1024x683.jpg\" class=\"attachment-large size-large wp-image-3751\" alt=\"\" srcset=\"https:\/\/greenteam.ufec.cat\/wp-content\/uploads\/2025\/05\/DD-1-1024x683.jpg 1024w, https:\/\/greenteam.ufec.cat\/wp-content\/uploads\/2025\/05\/DD-1-300x200.jpg 300w, https:\/\/greenteam.ufec.cat\/wp-content\/uploads\/2025\/05\/DD-1-768x512.jpg 768w, https:\/\/greenteam.ufec.cat\/wp-content\/uploads\/2025\/05\/DD-1-1536x1024.jpg 1536w, https:\/\/greenteam.ufec.cat\/wp-content\/uploads\/2025\/05\/DD-1.jpg 2048w\" sizes=\"auto, (max-width: 800px) 100vw, 800px\" \/>\t\t\t\t\t\t\t\t\t\t\t\t\t\t\t<\/div>\n\t\t\t\t<\/div>\n\t\t\t\t\t<\/div>\n\t\t<\/div>\n\t\t\t\t\t\t\t<\/div>\n\t\t<\/section>\n\t\t\t\t<section class=\"elementor-section elementor-top-section elementor-element elementor-element-439859d elementor-section-boxed elementor-section-height-default elementor-section-height-default\" data-id=\"439859d\" data-element_type=\"section\">\n\t\t\t\t\t\t<div class=\"elementor-container elementor-column-gap-default\">\n\t\t\t\t\t<div class=\"elementor-column elementor-col-100 elementor-top-column elementor-element elementor-element-f790a08\" data-id=\"f790a08\" data-element_type=\"column\">\n\t\t\t<div class=\"elementor-widget-wrap elementor-element-populated\">\n\t\t\t\t\t\t\t\t<div class=\"elementor-element elementor-element-684a49d elementor-widget elementor-widget-text-editor\" data-id=\"684a49d\" data-element_type=\"widget\" data-widget_type=\"text-editor.default\">\n\t\t\t\t<div class=\"elementor-widget-container\">\n\t\t\t<style>\/*! elementor - v3.11.5 - 14-03-2023 *\/\n.elementor-widget-text-editor.elementor-drop-cap-view-stacked .elementor-drop-cap{background-color:#818a91;color:#fff}.elementor-widget-text-editor.elementor-drop-cap-view-framed .elementor-drop-cap{color:#818a91;border:3px solid;background-color:transparent}.elementor-widget-text-editor:not(.elementor-drop-cap-view-default) .elementor-drop-cap{margin-top:8px}.elementor-widget-text-editor:not(.elementor-drop-cap-view-default) .elementor-drop-cap-letter{width:1em;height:1em}.elementor-widget-text-editor .elementor-drop-cap{float:left;text-align:center;line-height:1;font-size:50px}.elementor-widget-text-editor .elementor-drop-cap-letter{display:inline-block}<\/style>\t\t\t\t<p><em><strong>La UFEC (Uni\u00f3 de Federacions Esportives de Catalunya), coordinadora del projecte Green Team, ha presentat un curs en l\u00ednia per promoure esdeveniments esportius verds i inclusius.<\/strong><\/em><\/p><p>La UFEC ha presentat el projecte <strong>Green Team<\/strong>, una iniciativa europea que lidera amb orgull i que est\u00e0 cofinan\u00e7ada pel programa Erasmus+ de la Comissi\u00f3 Europea.<\/p><p>Aquest projecte esdev\u00e9 una pe\u00e7a clau en l&#8217;estrat\u00e8gia de la UFEC per promoure esdeveniments esportius m\u00e9s sostenibles, respectuosos amb el medi ambient i inclusius, consolidant aix\u00ed el seu comprom\u00eds amb la protecci\u00f3 del planeta i la responsabilitat social.<\/p>\t\t\t\t\t\t<\/div>\n\t\t\t\t<\/div>\n\t\t\t\t\t<\/div>\n\t\t<\/div>\n\t\t\t\t\t\t\t<\/div>\n\t\t<\/section>\n\t\t\t\t<section class=\"elementor-section elementor-top-section elementor-element elementor-element-95af996 elementor-section-boxed elementor-section-height-default elementor-section-height-default\" data-id=\"95af996\" data-element_type=\"section\">\n\t\t\t\t\t\t<div class=\"elementor-container elementor-column-gap-default\">\n\t\t\t\t\t<div class=\"elementor-column elementor-col-100 elementor-top-column elementor-element elementor-element-c717807\" data-id=\"c717807\" data-element_type=\"column\">\n\t\t\t<div class=\"elementor-widget-wrap elementor-element-populated\">\n\t\t\t\t\t\t\t\t<div class=\"elementor-element elementor-element-765d731 elementor-widget elementor-widget-image\" data-id=\"765d731\" data-element_type=\"widget\" data-widget_type=\"image.default\">\n\t\t\t\t<div class=\"elementor-widget-container\">\n\t\t\t\t\t\t\t\t\t\t\t\t\t\t\t<img loading=\"lazy\" decoding=\"async\" width=\"800\" height=\"534\" src=\"https:\/\/greenteam.ufec.cat\/wp-content\/uploads\/2025\/05\/DDDD-1024x683.jpg\" class=\"attachment-large size-large wp-image-3747\" alt=\"\" srcset=\"https:\/\/greenteam.ufec.cat\/wp-content\/uploads\/2025\/05\/DDDD-1024x683.jpg 1024w, https:\/\/greenteam.ufec.cat\/wp-content\/uploads\/2025\/05\/DDDD-300x200.jpg 300w, https:\/\/greenteam.ufec.cat\/wp-content\/uploads\/2025\/05\/DDDD-768x512.jpg 768w, https:\/\/greenteam.ufec.cat\/wp-content\/uploads\/2025\/05\/DDDD-1536x1024.jpg 1536w, https:\/\/greenteam.ufec.cat\/wp-content\/uploads\/2025\/05\/DDDD.jpg 2048w\" sizes=\"auto, (max-width: 800px) 100vw, 800px\" \/>\t\t\t\t\t\t\t\t\t\t\t\t\t\t\t<\/div>\n\t\t\t\t<\/div>\n\t\t\t\t\t<\/div>\n\t\t<\/div>\n\t\t\t\t\t\t\t<\/div>\n\t\t<\/section>\n\t\t\t\t<section class=\"elementor-section elementor-top-section elementor-element elementor-element-3e20f7b elementor-section-boxed elementor-section-height-default elementor-section-height-default\" data-id=\"3e20f7b\" data-element_type=\"section\">\n\t\t\t\t\t\t<div class=\"elementor-container elementor-column-gap-default\">\n\t\t\t\t\t<div class=\"elementor-column elementor-col-100 elementor-top-column elementor-element elementor-element-b4c659f\" data-id=\"b4c659f\" data-element_type=\"column\">\n\t\t\t<div class=\"elementor-widget-wrap elementor-element-populated\">\n\t\t\t\t\t\t\t\t<div class=\"elementor-element elementor-element-6c5af84 elementor-widget elementor-widget-text-editor\" data-id=\"6c5af84\" data-element_type=\"widget\" data-widget_type=\"text-editor.default\">\n\t\t\t\t<div class=\"elementor-widget-container\">\n\t\t\t\t\t\t\t<p>Conscients de l&#8217;impacte ambiental que poden generar les activitats esportives, des de la UFEC volem ser pioners en la transformaci\u00f3 de les pr\u00e0ctiques esportives per fer-les m\u00e9s sostenibles. Volem adoptar una actitud proactiva en la lluita contra el canvi clim\u00e0tic i en la conservaci\u00f3 dels recursos naturals. Entenem que, com a instituci\u00f3 de refer\u00e8ncia en el sector esportiu catal\u00e0, tenim la responsabilitat d&#8217;inspirar, formar i fomentar el bon comportament tant a les federacions com als clubs i esportistes, promovent una pr\u00e0ctica esportiva respectuosa amb el nostre entorn.<\/p><p>\u00a0<\/p><p>Recentment, en el marc de la <strong>Setmana Europea de l&#8217;Esport<\/strong>, l&#8217;equip de la UFEC va aprofitar l&#8217;oportunitat per presentar el <strong>Projecte Green Team<\/strong> a les federacions esportives.<\/p>\t\t\t\t\t\t<\/div>\n\t\t\t\t<\/div>\n\t\t\t\t\t<\/div>\n\t\t<\/div>\n\t\t\t\t\t\t\t<\/div>\n\t\t<\/section>\n\t\t\t\t<section class=\"elementor-section elementor-top-section elementor-element elementor-element-f28b30d elementor-section-boxed elementor-section-height-default elementor-section-height-default\" data-id=\"f28b30d\" data-element_type=\"section\">\n\t\t\t\t\t\t<div class=\"elementor-container elementor-column-gap-default\">\n\t\t\t\t\t<div class=\"elementor-column elementor-col-100 elementor-top-column elementor-element elementor-element-8d85c27\" data-id=\"8d85c27\" data-element_type=\"column\">\n\t\t\t<div class=\"elementor-widget-wrap elementor-element-populated\">\n\t\t\t\t\t\t\t\t<div class=\"elementor-element elementor-element-e2c115e elementor-widget elementor-widget-image\" data-id=\"e2c115e\" data-element_type=\"widget\" data-widget_type=\"image.default\">\n\t\t\t\t<div class=\"elementor-widget-container\">\n\t\t\t\t\t\t\t\t\t\t\t\t\t\t\t<img loading=\"lazy\" decoding=\"async\" width=\"800\" height=\"534\" src=\"https:\/\/greenteam.ufec.cat\/wp-content\/uploads\/2025\/05\/DD-1-1024x683.jpg\" class=\"attachment-large size-large wp-image-3750\" alt=\"\" srcset=\"https:\/\/greenteam.ufec.cat\/wp-content\/uploads\/2025\/05\/DD-1-1024x683.jpg 1024w, https:\/\/greenteam.ufec.cat\/wp-content\/uploads\/2025\/05\/DD-1-300x200.jpg 300w, https:\/\/greenteam.ufec.cat\/wp-content\/uploads\/2025\/05\/DD-1-768x512.jpg 768w, https:\/\/greenteam.ufec.cat\/wp-content\/uploads\/2025\/05\/DD-1-1536x1024.jpg 1536w, https:\/\/greenteam.ufec.cat\/wp-content\/uploads\/2025\/05\/DD-1.jpg 2048w\" sizes=\"auto, (max-width: 800px) 100vw, 800px\" \/>\t\t\t\t\t\t\t\t\t\t\t\t\t\t\t<\/div>\n\t\t\t\t<\/div>\n\t\t\t\t\t<\/div>\n\t\t<\/div>\n\t\t\t\t\t\t\t<\/div>\n\t\t<\/section>\n\t\t\t\t<section class=\"elementor-section elementor-top-section elementor-element elementor-element-fe6133b elementor-section-boxed elementor-section-height-default elementor-section-height-default\" data-id=\"fe6133b\" data-element_type=\"section\">\n\t\t\t\t\t\t<div class=\"elementor-container elementor-column-gap-default\">\n\t\t\t\t\t<div class=\"elementor-column elementor-col-100 elementor-top-column elementor-element elementor-element-92d5db1\" data-id=\"92d5db1\" data-element_type=\"column\">\n\t\t\t<div class=\"elementor-widget-wrap elementor-element-populated\">\n\t\t\t\t\t\t\t\t<div class=\"elementor-element elementor-element-b986122 elementor-widget elementor-widget-text-editor\" data-id=\"b986122\" data-element_type=\"widget\" data-widget_type=\"text-editor.default\">\n\t\t\t\t<div class=\"elementor-widget-container\">\n\t\t\t\t\t\t\t<p>Un dels resultats m\u00e9s esperats del projecte \u00e9s el curs d&#8217;aprenentatge <strong>en l\u00ednia sobre l&#8217;organitzaci\u00f3 d&#8217;esdeveniments esportius sostenibles<\/strong>, al qual qualsevol actor esportiu podr\u00e0 accedir gratu\u00eftament. Aquesta <strong>eina educativa<\/strong> no nom\u00e9s proporciona coneixements pr\u00e0ctics sobre com <strong>organitzar esdeveniments verds<\/strong>, sin\u00f3 que tamb\u00e9 refor\u00e7a la import\u00e0ncia d&#8217;incorporar valors com la sostenibilitat i la inclusi\u00f3 en el dia a dia de l&#8217;esport.<\/p><p>El <strong>Projecte Green Team<\/strong> no nom\u00e9s t\u00e9 com a objectiu minimitzar l&#8217;impacte ambiental dels esdeveniments esportius, sin\u00f3 que tamb\u00e9 <strong>emfatitza la integraci\u00f3 social<\/strong>, promovent mecanismes perqu\u00e8 els grups m\u00e9s vulnerables i en risc d&#8217;exclusi\u00f3 puguin participar activament en les activitats esportives. Per tant, aquest projecte no nom\u00e9s \u00e9s una oportunitat per transformar l&#8217;esport en una eina de protecci\u00f3 del medi ambient, sin\u00f3 tamb\u00e9 per <strong>promoure la just\u00edcia social<\/strong>.<\/p><p><strong>A la UFEC, estem conven\u00e7uts que el futur de l&#8217;esport ha de ser verd i inclusiu<\/strong>. Per aix\u00f2 ens esforcem per convertir-nos en un model a seguir, no nom\u00e9s en termes competitius, sin\u00f3 tamb\u00e9 com <strong>a impulsors d&#8217;un canvi necessari cap a un esport m\u00e9s responsable ambientalment i socialmen<\/strong>t.<\/p>\t\t\t\t\t\t<\/div>\n\t\t\t\t<\/div>\n\t\t\t\t\t<\/div>\n\t\t<\/div>\n\t\t\t\t\t\t\t<\/div>\n\t\t<\/section>\n\t\t\t\t\t\t\t<\/div>\n\t\t","protected":false},"excerpt":{"rendered":"<p>La UFEC (Uni\u00f3 de Federacions Esportives de Catalunya), coordinadora del projecte Green Team, ha presentat un curs en l\u00ednia per promoure esdeveniments esportius verds i inclusius. La UFEC ha presentat el projecte Green Team, una iniciativa europea que lidera amb orgull i que est\u00e0 cofinan\u00e7ada pel programa Erasmus+ de la Comissi\u00f3 Europea. Aquest projecte esdev\u00e9 [&hellip;]<\/p>\n","protected":false},"author":2,"featured_media":0,"comment_status":"open","ping_status":"closed","sticky":false,"template":"","format":"standard","meta":{"footnotes":""},"categories":[12],"tags":[],"class_list":["post-3757","post","type-post","status-publish","format-standard","hentry","category-uncategorized-ca"],"yoast_head":"<!-- This site is optimized with the Yoast SEO plugin v20.3 - https:\/\/yoast.com\/wordpress\/plugins\/seo\/ -->\n<title>La UFEC i el seu comprom\u00eds mediambiental - Green Team<\/title>\n<meta name=\"robots\" content=\"index, follow, max-snippet:-1, max-image-preview:large, max-video-preview:-1\" \/>\n<link rel=\"canonical\" href=\"https:\/\/greenteam.ufec.cat\/ca\/2025\/05\/28\/la-ufec-i-el-seu-compromis-mediambiental\/\" \/>\n<meta property=\"og:locale\" content=\"ca_ES\" \/>\n<meta property=\"og:type\" content=\"article\" \/>\n<meta property=\"og:title\" content=\"La UFEC i el seu comprom\u00eds mediambiental - Green Team\" \/>\n<meta property=\"og:description\" content=\"La UFEC (Uni\u00f3 de Federacions Esportives de Catalunya), coordinadora del projecte Green Team, ha presentat un curs en l\u00ednia per promoure esdeveniments esportius verds i inclusius. La UFEC ha presentat el projecte Green Team, una iniciativa europea que lidera amb orgull i que est\u00e0 cofinan\u00e7ada pel programa Erasmus+ de la Comissi\u00f3 Europea. Aquest projecte esdev\u00e9 [&hellip;]\" \/>\n<meta property=\"og:url\" content=\"https:\/\/greenteam.ufec.cat\/ca\/2025\/05\/28\/la-ufec-i-el-seu-compromis-mediambiental\/\" \/>\n<meta property=\"og:site_name\" content=\"Green Team\" \/>\n<meta property=\"article:published_time\" content=\"2025-05-28T12:52:32+00:00\" \/>\n<meta property=\"article:modified_time\" content=\"2025-05-28T12:54:26+00:00\" \/>\n<meta property=\"og:image\" content=\"https:\/\/greenteam.ufec.cat\/wp-content\/uploads\/2025\/05\/DD-1-1024x683.jpg\" \/>\n<meta name=\"author\" content=\"Premsa UFEC\" \/>\n<meta name=\"twitter:card\" content=\"summary_large_image\" \/>\n<meta name=\"twitter:label1\" content=\"Escrit per\" \/>\n\t<meta name=\"twitter:data1\" content=\"Premsa UFEC\" \/>\n\t<meta name=\"twitter:label2\" content=\"Temps estimat de lectura\" \/>\n\t<meta name=\"twitter:data2\" content=\"3 minuts\" \/>\n<script type=\"application\/ld+json\" class=\"yoast-schema-graph\">{\"@context\":\"https:\/\/schema.org\",\"@graph\":[{\"@type\":\"Article\",\"@id\":\"https:\/\/greenteam.ufec.cat\/ca\/2025\/05\/28\/la-ufec-i-el-seu-compromis-mediambiental\/#article\",\"isPartOf\":{\"@id\":\"https:\/\/greenteam.ufec.cat\/ca\/2025\/05\/28\/la-ufec-i-el-seu-compromis-mediambiental\/\"},\"author\":{\"name\":\"Premsa UFEC\",\"@id\":\"https:\/\/greenteam.ufec.cat\/ca\/#\/schema\/person\/cb52c2d07d101573fcb8d9a3604285a4\"},\"headline\":\"La UFEC i el seu comprom\u00eds mediambiental\",\"datePublished\":\"2025-05-28T12:52:32+00:00\",\"dateModified\":\"2025-05-28T12:54:26+00:00\",\"mainEntityOfPage\":{\"@id\":\"https:\/\/greenteam.ufec.cat\/ca\/2025\/05\/28\/la-ufec-i-el-seu-compromis-mediambiental\/\"},\"wordCount\":430,\"commentCount\":0,\"publisher\":{\"@id\":\"https:\/\/greenteam.ufec.cat\/ca\/#organization\"},\"articleSection\":[\"Uncategorized @ca\"],\"inLanguage\":\"ca\",\"potentialAction\":[{\"@type\":\"CommentAction\",\"name\":\"Comment\",\"target\":[\"https:\/\/greenteam.ufec.cat\/ca\/2025\/05\/28\/la-ufec-i-el-seu-compromis-mediambiental\/#respond\"]}]},{\"@type\":\"WebPage\",\"@id\":\"https:\/\/greenteam.ufec.cat\/ca\/2025\/05\/28\/la-ufec-i-el-seu-compromis-mediambiental\/\",\"url\":\"https:\/\/greenteam.ufec.cat\/ca\/2025\/05\/28\/la-ufec-i-el-seu-compromis-mediambiental\/\",\"name\":\"La UFEC i el seu comprom\u00eds mediambiental - Green Team\",\"isPartOf\":{\"@id\":\"https:\/\/greenteam.ufec.cat\/ca\/#website\"},\"datePublished\":\"2025-05-28T12:52:32+00:00\",\"dateModified\":\"2025-05-28T12:54:26+00:00\",\"breadcrumb\":{\"@id\":\"https:\/\/greenteam.ufec.cat\/ca\/2025\/05\/28\/la-ufec-i-el-seu-compromis-mediambiental\/#breadcrumb\"},\"inLanguage\":\"ca\",\"potentialAction\":[{\"@type\":\"ReadAction\",\"target\":[\"https:\/\/greenteam.ufec.cat\/ca\/2025\/05\/28\/la-ufec-i-el-seu-compromis-mediambiental\/\"]}]},{\"@type\":\"BreadcrumbList\",\"@id\":\"https:\/\/greenteam.ufec.cat\/ca\/2025\/05\/28\/la-ufec-i-el-seu-compromis-mediambiental\/#breadcrumb\",\"itemListElement\":[{\"@type\":\"ListItem\",\"position\":1,\"name\":\"Portada\",\"item\":\"https:\/\/greenteam.ufec.cat\/ca\/\"},{\"@type\":\"ListItem\",\"position\":2,\"name\":\"La UFEC i el seu comprom\u00eds mediambiental\"}]},{\"@type\":\"WebSite\",\"@id\":\"https:\/\/greenteam.ufec.cat\/ca\/#website\",\"url\":\"https:\/\/greenteam.ufec.cat\/ca\/\",\"name\":\"Green Team\",\"description\":\"Fostering sustainable, eco friendly and inclusive sporting events\",\"publisher\":{\"@id\":\"https:\/\/greenteam.ufec.cat\/ca\/#organization\"},\"potentialAction\":[{\"@type\":\"SearchAction\",\"target\":{\"@type\":\"EntryPoint\",\"urlTemplate\":\"https:\/\/greenteam.ufec.cat\/ca\/?s={search_term_string}\"},\"query-input\":\"required name=search_term_string\"}],\"inLanguage\":\"ca\"},{\"@type\":\"Organization\",\"@id\":\"https:\/\/greenteam.ufec.cat\/ca\/#organization\",\"name\":\"Green Team\",\"url\":\"https:\/\/greenteam.ufec.cat\/ca\/\",\"logo\":{\"@type\":\"ImageObject\",\"inLanguage\":\"ca\",\"@id\":\"https:\/\/greenteam.ufec.cat\/ca\/#\/schema\/logo\/image\/\",\"url\":\"https:\/\/greenteam.ufec.cat\/wp-content\/uploads\/2022\/08\/LOGO-GREEN-TEAM.svg\",\"contentUrl\":\"https:\/\/greenteam.ufec.cat\/wp-content\/uploads\/2022\/08\/LOGO-GREEN-TEAM.svg\",\"width\":1920,\"height\":600,\"caption\":\"Green Team\"},\"image\":{\"@id\":\"https:\/\/greenteam.ufec.cat\/ca\/#\/schema\/logo\/image\/\"}},{\"@type\":\"Person\",\"@id\":\"https:\/\/greenteam.ufec.cat\/ca\/#\/schema\/person\/cb52c2d07d101573fcb8d9a3604285a4\",\"name\":\"Premsa UFEC\",\"image\":{\"@type\":\"ImageObject\",\"inLanguage\":\"ca\",\"@id\":\"https:\/\/greenteam.ufec.cat\/ca\/#\/schema\/person\/image\/\",\"url\":\"https:\/\/secure.gravatar.com\/avatar\/3c332e4ba74306f0f021b2e2eb15d86eb35143b4c4aec9e52241d40ff06608d9?s=96&d=mm&r=g\",\"contentUrl\":\"https:\/\/secure.gravatar.com\/avatar\/3c332e4ba74306f0f021b2e2eb15d86eb35143b4c4aec9e52241d40ff06608d9?s=96&d=mm&r=g\",\"caption\":\"Premsa UFEC\"},\"url\":\"https:\/\/greenteam.ufec.cat\/ca\/author\/premsaufec-cat\/\"}]}<\/script>\n<!-- \/ Yoast SEO plugin. -->","yoast_head_json":{"title":"La UFEC i el seu comprom\u00eds mediambiental - Green Team","robots":{"index":"index","follow":"follow","max-snippet":"max-snippet:-1","max-image-preview":"max-image-preview:large","max-video-preview":"max-video-preview:-1"},"canonical":"https:\/\/greenteam.ufec.cat\/ca\/2025\/05\/28\/la-ufec-i-el-seu-compromis-mediambiental\/","og_locale":"ca_ES","og_type":"article","og_title":"La UFEC i el seu comprom\u00eds mediambiental - Green Team","og_description":"La UFEC (Uni\u00f3 de Federacions Esportives de Catalunya), coordinadora del projecte Green Team, ha presentat un curs en l\u00ednia per promoure esdeveniments esportius verds i inclusius. La UFEC ha presentat el projecte Green Team, una iniciativa europea que lidera amb orgull i que est\u00e0 cofinan\u00e7ada pel programa Erasmus+ de la Comissi\u00f3 Europea. Aquest projecte esdev\u00e9 [&hellip;]","og_url":"https:\/\/greenteam.ufec.cat\/ca\/2025\/05\/28\/la-ufec-i-el-seu-compromis-mediambiental\/","og_site_name":"Green Team","article_published_time":"2025-05-28T12:52:32+00:00","article_modified_time":"2025-05-28T12:54:26+00:00","og_image":[{"url":"https:\/\/greenteam.ufec.cat\/wp-content\/uploads\/2025\/05\/DD-1-1024x683.jpg"}],"author":"Premsa UFEC","twitter_card":"summary_large_image","twitter_misc":{"Escrit per":"Premsa UFEC","Temps estimat de lectura":"3 minuts"},"schema":{"@context":"https:\/\/schema.org","@graph":[{"@type":"Article","@id":"https:\/\/greenteam.ufec.cat\/ca\/2025\/05\/28\/la-ufec-i-el-seu-compromis-mediambiental\/#article","isPartOf":{"@id":"https:\/\/greenteam.ufec.cat\/ca\/2025\/05\/28\/la-ufec-i-el-seu-compromis-mediambiental\/"},"author":{"name":"Premsa UFEC","@id":"https:\/\/greenteam.ufec.cat\/ca\/#\/schema\/person\/cb52c2d07d101573fcb8d9a3604285a4"},"headline":"La UFEC i el seu comprom\u00eds mediambiental","datePublished":"2025-05-28T12:52:32+00:00","dateModified":"2025-05-28T12:54:26+00:00","mainEntityOfPage":{"@id":"https:\/\/greenteam.ufec.cat\/ca\/2025\/05\/28\/la-ufec-i-el-seu-compromis-mediambiental\/"},"wordCount":430,"commentCount":0,"publisher":{"@id":"https:\/\/greenteam.ufec.cat\/ca\/#organization"},"articleSection":["Uncategorized @ca"],"inLanguage":"ca","potentialAction":[{"@type":"CommentAction","name":"Comment","target":["https:\/\/greenteam.ufec.cat\/ca\/2025\/05\/28\/la-ufec-i-el-seu-compromis-mediambiental\/#respond"]}]},{"@type":"WebPage","@id":"https:\/\/greenteam.ufec.cat\/ca\/2025\/05\/28\/la-ufec-i-el-seu-compromis-mediambiental\/","url":"https:\/\/greenteam.ufec.cat\/ca\/2025\/05\/28\/la-ufec-i-el-seu-compromis-mediambiental\/","name":"La UFEC i el seu comprom\u00eds mediambiental - Green Team","isPartOf":{"@id":"https:\/\/greenteam.ufec.cat\/ca\/#website"},"datePublished":"2025-05-28T12:52:32+00:00","dateModified":"2025-05-28T12:54:26+00:00","breadcrumb":{"@id":"https:\/\/greenteam.ufec.cat\/ca\/2025\/05\/28\/la-ufec-i-el-seu-compromis-mediambiental\/#breadcrumb"},"inLanguage":"ca","potentialAction":[{"@type":"ReadAction","target":["https:\/\/greenteam.ufec.cat\/ca\/2025\/05\/28\/la-ufec-i-el-seu-compromis-mediambiental\/"]}]},{"@type":"BreadcrumbList","@id":"https:\/\/greenteam.ufec.cat\/ca\/2025\/05\/28\/la-ufec-i-el-seu-compromis-mediambiental\/#breadcrumb","itemListElement":[{"@type":"ListItem","position":1,"name":"Portada","item":"https:\/\/greenteam.ufec.cat\/ca\/"},{"@type":"ListItem","position":2,"name":"La UFEC i el seu comprom\u00eds mediambiental"}]},{"@type":"WebSite","@id":"https:\/\/greenteam.ufec.cat\/ca\/#website","url":"https:\/\/greenteam.ufec.cat\/ca\/","name":"Green Team","description":"Fostering sustainable, eco friendly and inclusive sporting events","publisher":{"@id":"https:\/\/greenteam.ufec.cat\/ca\/#organization"},"potentialAction":[{"@type":"SearchAction","target":{"@type":"EntryPoint","urlTemplate":"https:\/\/greenteam.ufec.cat\/ca\/?s={search_term_string}"},"query-input":"required name=search_term_string"}],"inLanguage":"ca"},{"@type":"Organization","@id":"https:\/\/greenteam.ufec.cat\/ca\/#organization","name":"Green Team","url":"https:\/\/greenteam.ufec.cat\/ca\/","logo":{"@type":"ImageObject","inLanguage":"ca","@id":"https:\/\/greenteam.ufec.cat\/ca\/#\/schema\/logo\/image\/","url":"https:\/\/greenteam.ufec.cat\/wp-content\/uploads\/2022\/08\/LOGO-GREEN-TEAM.svg","contentUrl":"https:\/\/greenteam.ufec.cat\/wp-content\/uploads\/2022\/08\/LOGO-GREEN-TEAM.svg","width":1920,"height":600,"caption":"Green Team"},"image":{"@id":"https:\/\/greenteam.ufec.cat\/ca\/#\/schema\/logo\/image\/"}},{"@type":"Person","@id":"https:\/\/greenteam.ufec.cat\/ca\/#\/schema\/person\/cb52c2d07d101573fcb8d9a3604285a4","name":"Premsa UFEC","image":{"@type":"ImageObject","inLanguage":"ca","@id":"https:\/\/greenteam.ufec.cat\/ca\/#\/schema\/person\/image\/","url":"https:\/\/secure.gravatar.com\/avatar\/3c332e4ba74306f0f021b2e2eb15d86eb35143b4c4aec9e52241d40ff06608d9?s=96&d=mm&r=g","contentUrl":"https:\/\/secure.gravatar.com\/avatar\/3c332e4ba74306f0f021b2e2eb15d86eb35143b4c4aec9e52241d40ff06608d9?s=96&d=mm&r=g","caption":"Premsa UFEC"},"url":"https:\/\/greenteam.ufec.cat\/ca\/author\/premsaufec-cat\/"}]}},"_links":{"self":[{"href":"https:\/\/greenteam.ufec.cat\/ca\/wp-json\/wp\/v2\/posts\/3757","targetHints":{"allow":["GET"]}}],"collection":[{"href":"https:\/\/greenteam.ufec.cat\/ca\/wp-json\/wp\/v2\/posts"}],"about":[{"href":"https:\/\/greenteam.ufec.cat\/ca\/wp-json\/wp\/v2\/types\/post"}],"author":[{"embeddable":true,"href":"https:\/\/greenteam.ufec.cat\/ca\/wp-json\/wp\/v2\/users\/2"}],"replies":[{"embeddable":true,"href":"https:\/\/greenteam.ufec.cat\/ca\/wp-json\/wp\/v2\/comments?post=3757"}],"version-history":[{"count":5,"href":"https:\/\/greenteam.ufec.cat\/ca\/wp-json\/wp\/v2\/posts\/3757\/revisions"}],"predecessor-version":[{"id":3762,"href":"https:\/\/greenteam.ufec.cat\/ca\/wp-json\/wp\/v2\/posts\/3757\/revisions\/3762"}],"wp:attachment":[{"href":"https:\/\/greenteam.ufec.cat\/ca\/wp-json\/wp\/v2\/media?parent=3757"}],"wp:term":[{"taxonomy":"category","embeddable":true,"href":"https:\/\/greenteam.ufec.cat\/ca\/wp-json\/wp\/v2\/categories?post=3757"},{"taxonomy":"post_tag","embeddable":true,"href":"https:\/\/greenteam.ufec.cat\/ca\/wp-json\/wp\/v2\/tags?post=3757"}],"curies":[{"name":"wp","href":"https:\/\/api.w.org\/{rel}","templated":true}]}}