{"id":3730,"date":"2025-05-28T12:24:54","date_gmt":"2025-05-28T12:24:54","guid":{"rendered":"https:\/\/greenteam.ufec.cat\/?p=3730"},"modified":"2025-05-28T12:25:18","modified_gmt":"2025-05-28T12:25:18","slug":"green-team-un-esdeveniment-esportiu-sostenible-i-inclusiu-a-gondomar","status":"publish","type":"post","link":"https:\/\/greenteam.ufec.cat\/ca\/2025\/05\/28\/green-team-un-esdeveniment-esportiu-sostenible-i-inclusiu-a-gondomar\/","title":{"rendered":"Green Team: un esdeveniment esportiu sostenible i inclusiu a Gondomar"},"content":{"rendered":"\t\t<div data-elementor-type=\"wp-post\" data-elementor-id=\"3730\" class=\"elementor elementor-3730\">\n\t\t\t\t\t\t\t\t\t<section class=\"elementor-section elementor-top-section elementor-element elementor-element-ee64e5c elementor-section-boxed elementor-section-height-default elementor-section-height-default\" data-id=\"ee64e5c\" data-element_type=\"section\">\n\t\t\t\t\t\t<div class=\"elementor-container elementor-column-gap-default\">\n\t\t\t\t\t<div class=\"elementor-column elementor-col-100 elementor-top-column elementor-element elementor-element-f17ff18\" data-id=\"f17ff18\" data-element_type=\"column\">\n\t\t\t<div class=\"elementor-widget-wrap elementor-element-populated\">\n\t\t\t\t\t\t\t\t<div class=\"elementor-element elementor-element-ed0d0d7 elementor-widget elementor-widget-image\" data-id=\"ed0d0d7\" data-element_type=\"widget\" data-widget_type=\"image.default\">\n\t\t\t\t<div class=\"elementor-widget-container\">\n\t\t\t<style>\/*! elementor - v3.11.5 - 14-03-2023 *\/\n.elementor-widget-image{text-align:center}.elementor-widget-image a{display:inline-block}.elementor-widget-image a img[src$=\".svg\"]{width:48px}.elementor-widget-image img{vertical-align:middle;display:inline-block}<\/style>\t\t\t\t\t\t\t\t\t\t\t\t<img loading=\"lazy\" decoding=\"async\" width=\"768\" height=\"1024\" src=\"https:\/\/greenteam.ufec.cat\/wp-content\/uploads\/2025\/05\/6-scaled-1-768x1024.jpg\" class=\"attachment-large size-large wp-image-3728\" alt=\"\" srcset=\"https:\/\/greenteam.ufec.cat\/wp-content\/uploads\/2025\/05\/6-scaled-1-768x1024.jpg 768w, https:\/\/greenteam.ufec.cat\/wp-content\/uploads\/2025\/05\/6-scaled-1-225x300.jpg 225w, https:\/\/greenteam.ufec.cat\/wp-content\/uploads\/2025\/05\/6-scaled-1-1152x1536.jpg 1152w, https:\/\/greenteam.ufec.cat\/wp-content\/uploads\/2025\/05\/6-scaled-1-1536x2048.jpg 1536w, https:\/\/greenteam.ufec.cat\/wp-content\/uploads\/2025\/05\/6-scaled-1.jpg 1920w\" sizes=\"auto, (max-width: 768px) 100vw, 768px\" \/>\t\t\t\t\t\t\t\t\t\t\t\t\t\t\t<\/div>\n\t\t\t\t<\/div>\n\t\t\t\t\t<\/div>\n\t\t<\/div>\n\t\t\t\t\t\t\t<\/div>\n\t\t<\/section>\n\t\t\t\t<section class=\"elementor-section elementor-top-section elementor-element elementor-element-0078b3b elementor-section-boxed elementor-section-height-default elementor-section-height-default\" data-id=\"0078b3b\" data-element_type=\"section\">\n\t\t\t\t\t\t<div class=\"elementor-container elementor-column-gap-default\">\n\t\t\t\t\t<div class=\"elementor-column elementor-col-100 elementor-top-column elementor-element elementor-element-23a6a6f\" data-id=\"23a6a6f\" data-element_type=\"column\">\n\t\t\t<div class=\"elementor-widget-wrap elementor-element-populated\">\n\t\t\t\t\t\t\t\t<div class=\"elementor-element elementor-element-67a97dd elementor-widget elementor-widget-text-editor\" data-id=\"67a97dd\" data-element_type=\"widget\" data-widget_type=\"text-editor.default\">\n\t\t\t\t<div class=\"elementor-widget-container\">\n\t\t\t<style>\/*! elementor - v3.11.5 - 14-03-2023 *\/\n.elementor-widget-text-editor.elementor-drop-cap-view-stacked .elementor-drop-cap{background-color:#818a91;color:#fff}.elementor-widget-text-editor.elementor-drop-cap-view-framed .elementor-drop-cap{color:#818a91;border:3px solid;background-color:transparent}.elementor-widget-text-editor:not(.elementor-drop-cap-view-default) .elementor-drop-cap{margin-top:8px}.elementor-widget-text-editor:not(.elementor-drop-cap-view-default) .elementor-drop-cap-letter{width:1em;height:1em}.elementor-widget-text-editor .elementor-drop-cap{float:left;text-align:center;line-height:1;font-size:50px}.elementor-widget-text-editor .elementor-drop-cap-letter{display:inline-block}<\/style>\t\t\t\t<p>El 4 de desembre de 2024, la Uni\u00e3o de Freguesias de Gondomar, en col\u00b7laboraci\u00f3 amb el club esportiu Ala Nun\u2019\u00c1lvares, va organitzar el primer esdeveniment esportiu sostenible i inclusiu del projecte Green Team a Portugal. Aquest esdeveniment esportiu per a nens va incloure activitats com voleibol, tennis taula, petanca i futbol americ\u00e0, totes dissenyades per promoure la sostenibilitat i la inclusi\u00f3 per a un futur m\u00e9s brillant i verd.<\/p>\t\t\t\t\t\t<\/div>\n\t\t\t\t<\/div>\n\t\t\t\t\t<\/div>\n\t\t<\/div>\n\t\t\t\t\t\t\t<\/div>\n\t\t<\/section>\n\t\t\t\t<section class=\"elementor-section elementor-top-section elementor-element elementor-element-0d4d2d8 elementor-section-boxed elementor-section-height-default elementor-section-height-default\" data-id=\"0d4d2d8\" data-element_type=\"section\">\n\t\t\t\t\t\t<div class=\"elementor-container elementor-column-gap-default\">\n\t\t\t\t\t<div class=\"elementor-column elementor-col-100 elementor-top-column elementor-element elementor-element-6c62d60\" data-id=\"6c62d60\" data-element_type=\"column\">\n\t\t\t<div class=\"elementor-widget-wrap elementor-element-populated\">\n\t\t\t\t\t\t\t\t<div class=\"elementor-element elementor-element-94ac656 elementor-widget elementor-widget-text-editor\" data-id=\"94ac656\" data-element_type=\"widget\" data-widget_type=\"text-editor.default\">\n\t\t\t\t<div class=\"elementor-widget-container\">\n\t\t\t\t\t\t\t<p>Foment de la sostenibilitat i la inclusi\u00f3 social<\/p>\t\t\t\t\t\t<\/div>\n\t\t\t\t<\/div>\n\t\t\t\t\t<\/div>\n\t\t<\/div>\n\t\t\t\t\t\t\t<\/div>\n\t\t<\/section>\n\t\t\t\t<section class=\"elementor-section elementor-top-section elementor-element elementor-element-a575227 elementor-section-boxed elementor-section-height-default elementor-section-height-default\" data-id=\"a575227\" data-element_type=\"section\">\n\t\t\t\t\t\t<div class=\"elementor-container elementor-column-gap-default\">\n\t\t\t\t\t<div class=\"elementor-column elementor-col-50 elementor-top-column elementor-element elementor-element-228ef52\" data-id=\"228ef52\" data-element_type=\"column\">\n\t\t\t<div class=\"elementor-widget-wrap elementor-element-populated\">\n\t\t\t\t\t\t\t\t<div class=\"elementor-element elementor-element-49571a7 elementor--h-position-center elementor--v-position-middle elementor-arrows-position-inside elementor-pagination-position-inside elementor-widget elementor-widget-slides\" data-id=\"49571a7\" data-element_type=\"widget\" data-settings=\"{&quot;navigation&quot;:&quot;both&quot;,&quot;autoplay&quot;:&quot;yes&quot;,&quot;pause_on_hover&quot;:&quot;yes&quot;,&quot;pause_on_interaction&quot;:&quot;yes&quot;,&quot;autoplay_speed&quot;:5000,&quot;infinite&quot;:&quot;yes&quot;,&quot;transition&quot;:&quot;slide&quot;,&quot;transition_speed&quot;:500}\" data-widget_type=\"slides.default\">\n\t\t\t\t<div class=\"elementor-widget-container\">\n\t\t\t<style>\/*! elementor-pro - v3.11.7 - 22-03-2023 *\/\n.elementor-slides .swiper-slide-bg{background-size:cover;background-position:50%;background-repeat:no-repeat;min-width:100%;min-height:100%}.elementor-slides .swiper-slide-inner{background-repeat:no-repeat;background-position:50%;position:absolute;top:0;left:0;bottom:0;right:0;padding:50px;margin:auto}.elementor-slides .swiper-slide-inner,.elementor-slides .swiper-slide-inner:hover{color:#fff;display:flex}.elementor-slides .swiper-slide-inner .elementor-background-overlay{position:absolute;z-index:0;top:0;bottom:0;left:0;right:0}.elementor-slides .swiper-slide-inner .elementor-slide-content{position:relative;z-index:1;width:100%}.elementor-slides .swiper-slide-inner .elementor-slide-heading{font-size:35px;font-weight:700;line-height:1}.elementor-slides .swiper-slide-inner .elementor-slide-description{font-size:17px;line-height:1.4}.elementor-slides .swiper-slide-inner .elementor-slide-description:not(:last-child),.elementor-slides .swiper-slide-inner .elementor-slide-heading:not(:last-child){margin-bottom:30px}.elementor-slides .swiper-slide-inner .elementor-slide-button{border:2px solid #fff;color:#fff;background:transparent;display:inline-block}.elementor-slides .swiper-slide-inner .elementor-slide-button,.elementor-slides .swiper-slide-inner .elementor-slide-button:hover{background:transparent;color:inherit;text-decoration:none}.elementor--v-position-top .swiper-slide-inner{align-items:flex-start}.elementor--v-position-bottom .swiper-slide-inner{align-items:flex-end}.elementor--v-position-middle .swiper-slide-inner{align-items:center}.elementor--h-position-left .swiper-slide-inner{justify-content:flex-start}.elementor--h-position-right .swiper-slide-inner{justify-content:flex-end}.elementor--h-position-center .swiper-slide-inner{justify-content:center}body.rtl .elementor-widget-slides .elementor-swiper-button-next{left:10px;right:auto}body.rtl .elementor-widget-slides .elementor-swiper-button-prev{right:10px;left:auto}.elementor-slides-wrapper div:not(.swiper-slide)>.swiper-slide-inner{display:none}@media (max-width:767px){.elementor-slides .swiper-slide-inner{padding:30px}.elementor-slides .swiper-slide-inner .elementor-slide-heading{font-size:23px;line-height:1;margin-bottom:15px}.elementor-slides .swiper-slide-inner .elementor-slide-description{font-size:13px;line-height:1.4;margin-bottom:15px}}<\/style>\t\t<div class=\"elementor-swiper\">\n\t\t\t<div class=\"elementor-slides-wrapper elementor-main-swiper swiper-container\" dir=\"ltr\" data-animation=\"fadeInUp\">\n\t\t\t\t<div class=\"swiper-wrapper elementor-slides\">\n\t\t\t\t\t\t\t\t\t\t<div class=\"elementor-repeater-item-1ef2108 swiper-slide\"><div class=\"swiper-slide-bg\"><\/div><div class=\"swiper-slide-inner\" ><div class=\"swiper-slide-contents\"><\/div><\/div><\/div><div class=\"elementor-repeater-item-576e5cd swiper-slide\"><div class=\"swiper-slide-bg\"><\/div><div class=\"swiper-slide-inner\" ><div class=\"swiper-slide-contents\"><\/div><\/div><\/div>\t\t\t\t<\/div>\n\t\t\t\t\t\t\t\t\t\t\t\t\t\t\t<div class=\"swiper-pagination\"><\/div>\n\t\t\t\t\t\t\t\t\t\t\t\t\t\t\t\t<div class=\"elementor-swiper-button elementor-swiper-button-prev\">\n\t\t\t\t\t\t\t<i aria-hidden=\"true\" class=\"eicon-chevron-left\"><\/i>\t\t\t\t\t\t\t<span class=\"elementor-screen-only\">Previous<\/span>\n\t\t\t\t\t\t<\/div>\n\t\t\t\t\t\t<div class=\"elementor-swiper-button elementor-swiper-button-next\">\n\t\t\t\t\t\t\t<i aria-hidden=\"true\" class=\"eicon-chevron-right\"><\/i>\t\t\t\t\t\t\t<span class=\"elementor-screen-only\">Next<\/span>\n\t\t\t\t\t\t<\/div>\n\t\t\t\t\t\t\t\t\t\t\t\t<\/div>\n\t\t<\/div>\n\t\t\t\t<\/div>\n\t\t\t\t<\/div>\n\t\t\t\t\t<\/div>\n\t\t<\/div>\n\t\t\t\t<div class=\"elementor-column elementor-col-50 elementor-top-column elementor-element elementor-element-231ff7d\" data-id=\"231ff7d\" data-element_type=\"column\">\n\t\t\t<div class=\"elementor-widget-wrap elementor-element-populated\">\n\t\t\t\t\t\t\t\t<div class=\"elementor-element elementor-element-073cf62 elementor-widget elementor-widget-text-editor\" data-id=\"073cf62\" data-element_type=\"widget\" data-widget_type=\"text-editor.default\">\n\t\t\t\t<div class=\"elementor-widget-container\">\n\t\t\t\t\t\t\t<p>El desenvolupament sostenible \u00e9s al centre de l&#8217;enfocament adoptat per la Uni\u00f3 de Freguesies de Gondomar, soci del projecte Green Team. La seva missi\u00f3 \u00e9s fomentar la inclusi\u00f3 social, l&#8217;aprenentatge permanent i la responsabilitat ambiental. El seu objectiu \u00e9s demostrar que la sostenibilitat es pot integrar en tots els aspectes de la vida, especialment en l&#8217;esport.<\/p><p>En organitzar aquest esdeveniment com a part de Green Team, van demostrar com l&#8217;esport pot ser un vehicle poder\u00f3s per al canvi positiu.<\/p><p>&#8220;La nostra esperan\u00e7a \u00e9s que aquests valors ressonin molt despr\u00e9s de l&#8217;esdeveniment, deixant un impacte durador en tots els implicats&#8221;, destaca la Uni\u00f3 de Freguesies de Gondomar.<\/p>\t\t\t\t\t\t<\/div>\n\t\t\t\t<\/div>\n\t\t\t\t\t<\/div>\n\t\t<\/div>\n\t\t\t\t\t\t\t<\/div>\n\t\t<\/section>\n\t\t\t\t<section class=\"elementor-section elementor-top-section elementor-element elementor-element-a835dc1 elementor-section-boxed elementor-section-height-default elementor-section-height-default\" data-id=\"a835dc1\" data-element_type=\"section\">\n\t\t\t\t\t\t<div class=\"elementor-container elementor-column-gap-default\">\n\t\t\t\t\t<div class=\"elementor-column elementor-col-100 elementor-top-column elementor-element elementor-element-7840f3a\" data-id=\"7840f3a\" data-element_type=\"column\">\n\t\t\t<div class=\"elementor-widget-wrap elementor-element-populated\">\n\t\t\t\t\t\t\t\t<div class=\"elementor-element elementor-element-bf23853 elementor-widget elementor-widget-text-editor\" data-id=\"bf23853\" data-element_type=\"widget\" data-widget_type=\"text-editor.default\">\n\t\t\t\t<div class=\"elementor-widget-container\">\n\t\t\t\t\t\t\t<h2 class=\"elementor-heading-title elementor-size-default\" style=\"font-family: Montserrat, sans-serif; color: #80bc00; font-size: 16px; text-align: center;\">Involucrar la generaci\u00f3 m\u00e9s jove<\/h2>\t\t\t\t\t\t<\/div>\n\t\t\t\t<\/div>\n\t\t\t\t\t<\/div>\n\t\t<\/div>\n\t\t\t\t\t\t\t<\/div>\n\t\t<\/section>\n\t\t\t\t<section class=\"elementor-section elementor-top-section elementor-element elementor-element-dbc72ee elementor-section-boxed elementor-section-height-default elementor-section-height-default\" data-id=\"dbc72ee\" data-element_type=\"section\">\n\t\t\t\t\t\t<div class=\"elementor-container elementor-column-gap-default\">\n\t\t\t\t\t<div class=\"elementor-column elementor-col-50 elementor-top-column elementor-element elementor-element-6b897a1\" data-id=\"6b897a1\" data-element_type=\"column\">\n\t\t\t<div class=\"elementor-widget-wrap elementor-element-populated\">\n\t\t\t\t\t\t\t\t<div class=\"elementor-element elementor-element-7e46f3b elementor-widget elementor-widget-image\" data-id=\"7e46f3b\" data-element_type=\"widget\" data-widget_type=\"image.default\">\n\t\t\t\t<div class=\"elementor-widget-container\">\n\t\t\t\t\t\t\t\t\t\t\t\t\t\t\t<img loading=\"lazy\" decoding=\"async\" width=\"800\" height=\"600\" src=\"https:\/\/greenteam.ufec.cat\/wp-content\/uploads\/2025\/05\/5-scaled-1-1024x768.jpg\" class=\"attachment-large size-large wp-image-3703\" alt=\"\" srcset=\"https:\/\/greenteam.ufec.cat\/wp-content\/uploads\/2025\/05\/5-scaled-1-1024x768.jpg 1024w, https:\/\/greenteam.ufec.cat\/wp-content\/uploads\/2025\/05\/5-scaled-1-300x225.jpg 300w, https:\/\/greenteam.ufec.cat\/wp-content\/uploads\/2025\/05\/5-scaled-1-768x576.jpg 768w, https:\/\/greenteam.ufec.cat\/wp-content\/uploads\/2025\/05\/5-scaled-1-1536x1152.jpg 1536w, https:\/\/greenteam.ufec.cat\/wp-content\/uploads\/2025\/05\/5-scaled-1-2048x1536.jpg 2048w\" sizes=\"auto, (max-width: 800px) 100vw, 800px\" \/>\t\t\t\t\t\t\t\t\t\t\t\t\t\t\t<\/div>\n\t\t\t\t<\/div>\n\t\t\t\t<div class=\"elementor-element elementor-element-44dc950 elementor--h-position-center elementor--v-position-middle elementor-arrows-position-inside elementor-pagination-position-inside elementor-widget elementor-widget-slides\" data-id=\"44dc950\" data-element_type=\"widget\" data-settings=\"{&quot;navigation&quot;:&quot;both&quot;,&quot;autoplay&quot;:&quot;yes&quot;,&quot;pause_on_hover&quot;:&quot;yes&quot;,&quot;pause_on_interaction&quot;:&quot;yes&quot;,&quot;autoplay_speed&quot;:5000,&quot;infinite&quot;:&quot;yes&quot;,&quot;transition&quot;:&quot;slide&quot;,&quot;transition_speed&quot;:500}\" data-widget_type=\"slides.default\">\n\t\t\t\t<div class=\"elementor-widget-container\">\n\t\t\t\t\t<div class=\"elementor-swiper\">\n\t\t\t<div class=\"elementor-slides-wrapper elementor-main-swiper swiper-container\" dir=\"ltr\" data-animation=\"fadeInUp\">\n\t\t\t\t<div class=\"swiper-wrapper elementor-slides\">\n\t\t\t\t\t\t\t\t\t\t<div class=\"elementor-repeater-item-34f79d7 swiper-slide\"><div class=\"swiper-slide-bg\"><\/div><div class=\"swiper-slide-inner\" ><div class=\"swiper-slide-contents\"><\/div><\/div><\/div><div class=\"elementor-repeater-item-8ebd449 swiper-slide\"><div class=\"swiper-slide-bg\"><\/div><div class=\"swiper-slide-inner\" ><div class=\"swiper-slide-contents\"><\/div><\/div><\/div><div class=\"elementor-repeater-item-c509b4f swiper-slide\"><div class=\"swiper-slide-bg\"><\/div><div class=\"swiper-slide-inner\" ><div class=\"swiper-slide-contents\"><\/div><\/div><\/div>\t\t\t\t<\/div>\n\t\t\t\t\t\t\t\t\t\t\t\t\t\t\t<div class=\"swiper-pagination\"><\/div>\n\t\t\t\t\t\t\t\t\t\t\t\t\t\t\t\t<div class=\"elementor-swiper-button elementor-swiper-button-prev\">\n\t\t\t\t\t\t\t<i aria-hidden=\"true\" class=\"eicon-chevron-left\"><\/i>\t\t\t\t\t\t\t<span class=\"elementor-screen-only\">Previous<\/span>\n\t\t\t\t\t\t<\/div>\n\t\t\t\t\t\t<div class=\"elementor-swiper-button elementor-swiper-button-next\">\n\t\t\t\t\t\t\t<i aria-hidden=\"true\" class=\"eicon-chevron-right\"><\/i>\t\t\t\t\t\t\t<span class=\"elementor-screen-only\">Next<\/span>\n\t\t\t\t\t\t<\/div>\n\t\t\t\t\t\t\t\t\t\t\t\t<\/div>\n\t\t<\/div>\n\t\t\t\t<\/div>\n\t\t\t\t<\/div>\n\t\t\t\t\t<\/div>\n\t\t<\/div>\n\t\t\t\t<div class=\"elementor-column elementor-col-50 elementor-top-column elementor-element elementor-element-032e01d\" data-id=\"032e01d\" data-element_type=\"column\">\n\t\t\t<div class=\"elementor-widget-wrap elementor-element-populated\">\n\t\t\t\t\t\t\t\t<div class=\"elementor-element elementor-element-eab8e1a elementor-widget elementor-widget-text-editor\" data-id=\"eab8e1a\" data-element_type=\"widget\" data-widget_type=\"text-editor.default\">\n\t\t\t\t<div class=\"elementor-widget-container\">\n\t\t\t\t\t\t\t<p>Uns 80 nens, acompanyats pels seus professors, van participar en aquest esdeveniment esportiu, juntament amb 20 adults i entrenadors del club esportiu Ala Nun&#8217;Alvares.<\/p><p>S&#8217;han ofert diverses activitats esportives accessibles i inclusives (voleibol, tennis taula, petanca i futbol americ\u00e0) que fomenten la competici\u00f3 amistosa i el treball en equip, alhora que refor\u00e7en la import\u00e0ncia de l&#8217;activitat f\u00edsica en un entorn sostenible i inclusiu.<\/p><p>A m\u00e9s, l&#8217;esdeveniment va reunir diferents generacions, animant-les a col\u00b7laborar, divertir-se i aprendre sobre la import\u00e0ncia de la sostenibilitat i la inclusi\u00f3.<\/p>\t\t\t\t\t\t<\/div>\n\t\t\t\t<\/div>\n\t\t\t\t\t<\/div>\n\t\t<\/div>\n\t\t\t\t\t\t\t<\/div>\n\t\t<\/section>\n\t\t\t\t<section class=\"elementor-section elementor-top-section elementor-element elementor-element-37c64cb elementor-section-boxed elementor-section-height-default elementor-section-height-default\" data-id=\"37c64cb\" data-element_type=\"section\">\n\t\t\t\t\t\t<div class=\"elementor-container elementor-column-gap-default\">\n\t\t\t\t\t<div class=\"elementor-column elementor-col-100 elementor-top-column elementor-element elementor-element-dfff5e0\" data-id=\"dfff5e0\" data-element_type=\"column\">\n\t\t\t<div class=\"elementor-widget-wrap elementor-element-populated\">\n\t\t\t\t\t\t\t\t<div class=\"elementor-element elementor-element-92e3d76 elementor-widget elementor-widget-text-editor\" data-id=\"92e3d76\" data-element_type=\"widget\" data-widget_type=\"text-editor.default\">\n\t\t\t\t<div class=\"elementor-widget-container\">\n\t\t\t\t\t\t\t<p>Pr\u00e0ctiques ecol\u00f2giques: liderar amb l&#8217;exemple<\/p>\t\t\t\t\t\t<\/div>\n\t\t\t\t<\/div>\n\t\t\t\t\t<\/div>\n\t\t<\/div>\n\t\t\t\t\t\t\t<\/div>\n\t\t<\/section>\n\t\t\t\t<section class=\"elementor-section elementor-top-section elementor-element elementor-element-5c573d8 elementor-section-boxed elementor-section-height-default elementor-section-height-default\" data-id=\"5c573d8\" data-element_type=\"section\">\n\t\t\t\t\t\t<div class=\"elementor-container elementor-column-gap-default\">\n\t\t\t\t\t<div class=\"elementor-column elementor-col-100 elementor-top-column elementor-element elementor-element-7b30993\" data-id=\"7b30993\" data-element_type=\"column\">\n\t\t\t<div class=\"elementor-widget-wrap elementor-element-populated\">\n\t\t\t\t\t\t\t\t<div class=\"elementor-element elementor-element-dadf542 elementor-widget elementor-widget-text-editor\" data-id=\"dadf542\" data-element_type=\"widget\" data-widget_type=\"text-editor.default\">\n\t\t\t\t<div class=\"elementor-widget-container\">\n\t\t\t\t\t\t\t<p>La sostenibilitat no era nom\u00e9s un tema; es va posar en pr\u00e0ctica a trav\u00e9s de diverses iniciatives verdes:<\/p>\t\t\t\t\t\t<\/div>\n\t\t\t\t<\/div>\n\t\t\t\t\t<\/div>\n\t\t<\/div>\n\t\t\t\t\t\t\t<\/div>\n\t\t<\/section>\n\t\t\t\t<section class=\"elementor-section elementor-top-section elementor-element elementor-element-216dddc elementor-section-boxed elementor-section-height-default elementor-section-height-default\" data-id=\"216dddc\" data-element_type=\"section\">\n\t\t\t\t\t\t<div class=\"elementor-container elementor-column-gap-default\">\n\t\t\t\t\t<div class=\"elementor-column elementor-col-50 elementor-top-column elementor-element elementor-element-9967672\" data-id=\"9967672\" data-element_type=\"column\">\n\t\t\t<div class=\"elementor-widget-wrap elementor-element-populated\">\n\t\t\t\t\t\t\t\t<div class=\"elementor-element elementor-element-8765933 elementor--h-position-center elementor--v-position-middle elementor-arrows-position-inside elementor-pagination-position-inside elementor-widget elementor-widget-slides\" data-id=\"8765933\" data-element_type=\"widget\" data-settings=\"{&quot;navigation&quot;:&quot;both&quot;,&quot;autoplay&quot;:&quot;yes&quot;,&quot;pause_on_hover&quot;:&quot;yes&quot;,&quot;pause_on_interaction&quot;:&quot;yes&quot;,&quot;autoplay_speed&quot;:5000,&quot;infinite&quot;:&quot;yes&quot;,&quot;transition&quot;:&quot;slide&quot;,&quot;transition_speed&quot;:500}\" data-widget_type=\"slides.default\">\n\t\t\t\t<div class=\"elementor-widget-container\">\n\t\t\t\t\t<div class=\"elementor-swiper\">\n\t\t\t<div class=\"elementor-slides-wrapper elementor-main-swiper swiper-container\" dir=\"ltr\" data-animation=\"fadeInUp\">\n\t\t\t\t<div class=\"swiper-wrapper elementor-slides\">\n\t\t\t\t\t\t\t\t\t\t<div class=\"elementor-repeater-item-2083e80 swiper-slide\"><div class=\"swiper-slide-bg\"><\/div><div class=\"swiper-slide-inner\" ><div class=\"swiper-slide-contents\"><\/div><\/div><\/div><div class=\"elementor-repeater-item-d37d8c2 swiper-slide\"><div class=\"swiper-slide-bg\"><\/div><div class=\"swiper-slide-inner\" ><div class=\"swiper-slide-contents\"><\/div><\/div><\/div><div class=\"elementor-repeater-item-78420f1 swiper-slide\"><div class=\"swiper-slide-bg\"><\/div><div class=\"swiper-slide-inner\" ><div class=\"swiper-slide-contents\"><\/div><\/div><\/div>\t\t\t\t<\/div>\n\t\t\t\t\t\t\t\t\t\t\t\t\t\t\t<div class=\"swiper-pagination\"><\/div>\n\t\t\t\t\t\t\t\t\t\t\t\t\t\t\t\t<div class=\"elementor-swiper-button elementor-swiper-button-prev\">\n\t\t\t\t\t\t\t<i aria-hidden=\"true\" class=\"eicon-chevron-left\"><\/i>\t\t\t\t\t\t\t<span class=\"elementor-screen-only\">Previous<\/span>\n\t\t\t\t\t\t<\/div>\n\t\t\t\t\t\t<div class=\"elementor-swiper-button elementor-swiper-button-next\">\n\t\t\t\t\t\t\t<i aria-hidden=\"true\" class=\"eicon-chevron-right\"><\/i>\t\t\t\t\t\t\t<span class=\"elementor-screen-only\">Next<\/span>\n\t\t\t\t\t\t<\/div>\n\t\t\t\t\t\t\t\t\t\t\t\t<\/div>\n\t\t<\/div>\n\t\t\t\t<\/div>\n\t\t\t\t<\/div>\n\t\t\t\t\t<\/div>\n\t\t<\/div>\n\t\t\t\t<div class=\"elementor-column elementor-col-50 elementor-top-column elementor-element elementor-element-bbbb2a9\" data-id=\"bbbb2a9\" data-element_type=\"column\">\n\t\t\t<div class=\"elementor-widget-wrap elementor-element-populated\">\n\t\t\t\t\t\t\t\t<div class=\"elementor-element elementor-element-4fae1ac elementor-widget elementor-widget-text-editor\" data-id=\"4fae1ac\" data-element_type=\"widget\" data-widget_type=\"text-editor.default\">\n\t\t\t\t<div class=\"elementor-widget-container\">\n\t\t\t\t\t\t\t<ul><li>Transport respectu\u00f3s amb el medi ambient: Els nens van anar a peu a l&#8217;esdeveniment amb els seus professors, reduint les emissions de carboni. Es va animar els adults a compartir cotxe, i tamb\u00e9 s&#8217;hi van unir els entrenadors d&#8217;Ala Nun&#8217;Alvares.<\/li><li>Ampolles d&#8217;aigua reutilitzables: Cada participant va rebre una ampolla d&#8217;aigua reutilitzable, amb una estaci\u00f3 de reompliment per reduir els residus de pl\u00e0stic.<\/li><li>Separaci\u00f3 de residus: Es van col\u00b7locar estacions de reciclatge clarament marcades per tot el recinte per promoure l&#8217;eliminaci\u00f3 adequada dels residus.<\/li><li>Aperitius saludables: Es va servir fruita fresca als participants, emfatitzant el vincle entre una alimentaci\u00f3 saludable i la sostenibilitat.<\/li><li>Instal\u00b7lacions d&#8217;efici\u00e8ncia energ\u00e8tica: L&#8217;esdeveniment es va celebrar en un pavell\u00f3 alimentat per panells solars, utilitzant il\u00b7luminaci\u00f3 LED d&#8217;alta efici\u00e8ncia energ\u00e8tica per minimitzar la seva petjada ambiental.<\/li><\/ul>\t\t\t\t\t\t<\/div>\n\t\t\t\t<\/div>\n\t\t\t\t\t<\/div>\n\t\t<\/div>\n\t\t\t\t\t\t\t<\/div>\n\t\t<\/section>\n\t\t\t\t<section class=\"elementor-section elementor-top-section elementor-element elementor-element-ec76602 elementor-section-boxed elementor-section-height-default elementor-section-height-default\" data-id=\"ec76602\" data-element_type=\"section\">\n\t\t\t\t\t\t<div class=\"elementor-container elementor-column-gap-default\">\n\t\t\t\t\t<div class=\"elementor-column elementor-col-100 elementor-top-column elementor-element elementor-element-d5619de\" data-id=\"d5619de\" data-element_type=\"column\">\n\t\t\t<div class=\"elementor-widget-wrap elementor-element-populated\">\n\t\t\t\t\t\t\t\t<div class=\"elementor-element elementor-element-2c70933 elementor-widget elementor-widget-text-editor\" data-id=\"2c70933\" data-element_type=\"widget\" data-widget_type=\"text-editor.default\">\n\t\t\t\t<div class=\"elementor-widget-container\">\n\t\t\t\t\t\t\t<p>Junts per un futur m\u00e9s verd<\/p>\t\t\t\t\t\t<\/div>\n\t\t\t\t<\/div>\n\t\t\t\t\t<\/div>\n\t\t<\/div>\n\t\t\t\t\t\t\t<\/div>\n\t\t<\/section>\n\t\t\t\t<section class=\"elementor-section elementor-top-section elementor-element elementor-element-4b55152 elementor-section-boxed elementor-section-height-default elementor-section-height-default\" data-id=\"4b55152\" data-element_type=\"section\">\n\t\t\t\t\t\t<div class=\"elementor-container elementor-column-gap-default\">\n\t\t\t\t\t<div class=\"elementor-column elementor-col-100 elementor-top-column elementor-element elementor-element-ebfbd2a\" data-id=\"ebfbd2a\" data-element_type=\"column\">\n\t\t\t<div class=\"elementor-widget-wrap elementor-element-populated\">\n\t\t\t\t\t\t\t\t<div class=\"elementor-element elementor-element-fa3748d elementor-widget elementor-widget-image\" data-id=\"fa3748d\" data-element_type=\"widget\" data-widget_type=\"image.default\">\n\t\t\t\t<div class=\"elementor-widget-container\">\n\t\t\t\t\t\t\t\t\t\t\t\t\t\t\t<img loading=\"lazy\" decoding=\"async\" width=\"800\" height=\"600\" src=\"https:\/\/greenteam.ufec.cat\/wp-content\/uploads\/2025\/05\/4-scaled-1-1024x768.jpg\" class=\"attachment-large size-large wp-image-3724\" alt=\"\" srcset=\"https:\/\/greenteam.ufec.cat\/wp-content\/uploads\/2025\/05\/4-scaled-1-1024x768.jpg 1024w, https:\/\/greenteam.ufec.cat\/wp-content\/uploads\/2025\/05\/4-scaled-1-300x225.jpg 300w, https:\/\/greenteam.ufec.cat\/wp-content\/uploads\/2025\/05\/4-scaled-1-768x576.jpg 768w, https:\/\/greenteam.ufec.cat\/wp-content\/uploads\/2025\/05\/4-scaled-1-1536x1152.jpg 1536w, https:\/\/greenteam.ufec.cat\/wp-content\/uploads\/2025\/05\/4-scaled-1-2048x1536.jpg 2048w\" sizes=\"auto, (max-width: 800px) 100vw, 800px\" \/>\t\t\t\t\t\t\t\t\t\t\t\t\t\t\t<\/div>\n\t\t\t\t<\/div>\n\t\t\t\t\t<\/div>\n\t\t<\/div>\n\t\t\t\t\t\t\t<\/div>\n\t\t<\/section>\n\t\t\t\t<section class=\"elementor-section elementor-top-section elementor-element elementor-element-3dad7cd elementor-section-boxed elementor-section-height-default elementor-section-height-default\" data-id=\"3dad7cd\" data-element_type=\"section\">\n\t\t\t\t\t\t<div class=\"elementor-container elementor-column-gap-default\">\n\t\t\t\t\t<div class=\"elementor-column elementor-col-100 elementor-top-column elementor-element elementor-element-bc3af0f\" data-id=\"bc3af0f\" data-element_type=\"column\">\n\t\t\t<div class=\"elementor-widget-wrap elementor-element-populated\">\n\t\t\t\t\t\t\t\t<div class=\"elementor-element elementor-element-c861faa elementor-widget elementor-widget-text-editor\" data-id=\"c861faa\" data-element_type=\"widget\" data-widget_type=\"text-editor.default\">\n\t\t\t\t<div class=\"elementor-widget-container\">\n\t\t\t\t\t\t\t<p>Aquest esdeveniment va destacar el poder\u00f3s paper que l&#8217;esport pot tenir en la promoci\u00f3 de la sostenibilitat i la inclusi\u00f3 social. Combinant la consci\u00e8ncia ambiental amb un enfocament en la inclusi\u00f3, la Uni\u00f3 de Freguesies de Gondomar va tenir com a objectiu inspirar la propera generaci\u00f3 a prioritzar aquests valors. L&#8217;esdeveniment tamb\u00e9 va servir de model per a altres organitzacions esportives, mostrant com l&#8217;esport pot impulsar un canvi positiu. L&#8217;esperan\u00e7a \u00e9s que, en introduir aquests principis als joves, els portin endavant fins a l&#8217;edat adulta, fomentant una futura generaci\u00f3 d&#8217;individus responsables, conscients del medi ambient i inclusives. En definitiva, aquesta trobada va demostrar que els esfor\u00e7os col\u00b7lectius poden crear canvis significatius, preparant l&#8217;escenari per a un futur m\u00e9s verd i inclusiu.<\/p>\t\t\t\t\t\t<\/div>\n\t\t\t\t<\/div>\n\t\t\t\t\t<\/div>\n\t\t<\/div>\n\t\t\t\t\t\t\t<\/div>\n\t\t<\/section>\n\t\t\t\t\t\t\t<\/div>\n\t\t","protected":false},"excerpt":{"rendered":"<p>El 4 de desembre de 2024, la Uni\u00e3o de Freguesias de Gondomar, en col\u00b7laboraci\u00f3 amb el club esportiu Ala Nun\u2019\u00c1lvares, va organitzar el primer esdeveniment esportiu sostenible i inclusiu del projecte Green Team a Portugal. Aquest esdeveniment esportiu per a nens va incloure activitats com voleibol, tennis taula, petanca i futbol americ\u00e0, totes dissenyades per [&hellip;]<\/p>\n","protected":false},"author":2,"featured_media":0,"comment_status":"open","ping_status":"closed","sticky":false,"template":"","format":"standard","meta":{"footnotes":""},"categories":[12],"tags":[],"class_list":["post-3730","post","type-post","status-publish","format-standard","hentry","category-uncategorized-ca"],"yoast_head":"<!-- This site is optimized with the Yoast SEO plugin v20.3 - https:\/\/yoast.com\/wordpress\/plugins\/seo\/ -->\n<title>Green Team: un esdeveniment esportiu sostenible i inclusiu a Gondomar - Green Team<\/title>\n<meta name=\"robots\" content=\"index, follow, max-snippet:-1, max-image-preview:large, max-video-preview:-1\" \/>\n<link rel=\"canonical\" href=\"https:\/\/greenteam.ufec.cat\/ca\/2025\/05\/28\/green-team-un-esdeveniment-esportiu-sostenible-i-inclusiu-a-gondomar\/\" \/>\n<meta property=\"og:locale\" content=\"ca_ES\" \/>\n<meta property=\"og:type\" content=\"article\" \/>\n<meta property=\"og:title\" content=\"Green Team: un esdeveniment esportiu sostenible i inclusiu a Gondomar - Green Team\" \/>\n<meta property=\"og:description\" content=\"El 4 de desembre de 2024, la Uni\u00e3o de Freguesias de Gondomar, en col\u00b7laboraci\u00f3 amb el club esportiu Ala Nun\u2019\u00c1lvares, va organitzar el primer esdeveniment esportiu sostenible i inclusiu del projecte Green Team a Portugal. Aquest esdeveniment esportiu per a nens va incloure activitats com voleibol, tennis taula, petanca i futbol americ\u00e0, totes dissenyades per [&hellip;]\" \/>\n<meta property=\"og:url\" content=\"https:\/\/greenteam.ufec.cat\/ca\/2025\/05\/28\/green-team-un-esdeveniment-esportiu-sostenible-i-inclusiu-a-gondomar\/\" \/>\n<meta property=\"og:site_name\" content=\"Green Team\" \/>\n<meta property=\"article:published_time\" content=\"2025-05-28T12:24:54+00:00\" \/>\n<meta property=\"article:modified_time\" content=\"2025-05-28T12:25:18+00:00\" \/>\n<meta property=\"og:image\" content=\"https:\/\/greenteam.ufec.cat\/wp-content\/uploads\/2025\/05\/6-scaled-1-768x1024.jpg\" \/>\n<meta name=\"author\" content=\"Premsa UFEC\" \/>\n<meta name=\"twitter:card\" content=\"summary_large_image\" \/>\n<meta name=\"twitter:label1\" content=\"Escrit per\" \/>\n\t<meta name=\"twitter:data1\" content=\"Premsa UFEC\" \/>\n\t<meta name=\"twitter:label2\" content=\"Temps estimat de lectura\" \/>\n\t<meta name=\"twitter:data2\" content=\"4 minuts\" \/>\n<script type=\"application\/ld+json\" class=\"yoast-schema-graph\">{\"@context\":\"https:\/\/schema.org\",\"@graph\":[{\"@type\":\"Article\",\"@id\":\"https:\/\/greenteam.ufec.cat\/ca\/2025\/05\/28\/green-team-un-esdeveniment-esportiu-sostenible-i-inclusiu-a-gondomar\/#article\",\"isPartOf\":{\"@id\":\"https:\/\/greenteam.ufec.cat\/ca\/2025\/05\/28\/green-team-un-esdeveniment-esportiu-sostenible-i-inclusiu-a-gondomar\/\"},\"author\":{\"name\":\"Premsa UFEC\",\"@id\":\"https:\/\/greenteam.ufec.cat\/ca\/#\/schema\/person\/cb52c2d07d101573fcb8d9a3604285a4\"},\"headline\":\"Green Team: un esdeveniment esportiu sostenible i inclusiu a Gondomar\",\"datePublished\":\"2025-05-28T12:24:54+00:00\",\"dateModified\":\"2025-05-28T12:25:18+00:00\",\"mainEntityOfPage\":{\"@id\":\"https:\/\/greenteam.ufec.cat\/ca\/2025\/05\/28\/green-team-un-esdeveniment-esportiu-sostenible-i-inclusiu-a-gondomar\/\"},\"wordCount\":625,\"commentCount\":0,\"publisher\":{\"@id\":\"https:\/\/greenteam.ufec.cat\/ca\/#organization\"},\"articleSection\":[\"Uncategorized @ca\"],\"inLanguage\":\"ca\",\"potentialAction\":[{\"@type\":\"CommentAction\",\"name\":\"Comment\",\"target\":[\"https:\/\/greenteam.ufec.cat\/ca\/2025\/05\/28\/green-team-un-esdeveniment-esportiu-sostenible-i-inclusiu-a-gondomar\/#respond\"]}]},{\"@type\":\"WebPage\",\"@id\":\"https:\/\/greenteam.ufec.cat\/ca\/2025\/05\/28\/green-team-un-esdeveniment-esportiu-sostenible-i-inclusiu-a-gondomar\/\",\"url\":\"https:\/\/greenteam.ufec.cat\/ca\/2025\/05\/28\/green-team-un-esdeveniment-esportiu-sostenible-i-inclusiu-a-gondomar\/\",\"name\":\"Green Team: un esdeveniment esportiu sostenible i inclusiu a Gondomar - Green Team\",\"isPartOf\":{\"@id\":\"https:\/\/greenteam.ufec.cat\/ca\/#website\"},\"datePublished\":\"2025-05-28T12:24:54+00:00\",\"dateModified\":\"2025-05-28T12:25:18+00:00\",\"breadcrumb\":{\"@id\":\"https:\/\/greenteam.ufec.cat\/ca\/2025\/05\/28\/green-team-un-esdeveniment-esportiu-sostenible-i-inclusiu-a-gondomar\/#breadcrumb\"},\"inLanguage\":\"ca\",\"potentialAction\":[{\"@type\":\"ReadAction\",\"target\":[\"https:\/\/greenteam.ufec.cat\/ca\/2025\/05\/28\/green-team-un-esdeveniment-esportiu-sostenible-i-inclusiu-a-gondomar\/\"]}]},{\"@type\":\"BreadcrumbList\",\"@id\":\"https:\/\/greenteam.ufec.cat\/ca\/2025\/05\/28\/green-team-un-esdeveniment-esportiu-sostenible-i-inclusiu-a-gondomar\/#breadcrumb\",\"itemListElement\":[{\"@type\":\"ListItem\",\"position\":1,\"name\":\"Portada\",\"item\":\"https:\/\/greenteam.ufec.cat\/ca\/\"},{\"@type\":\"ListItem\",\"position\":2,\"name\":\"Green Team: un esdeveniment esportiu sostenible i inclusiu a Gondomar\"}]},{\"@type\":\"WebSite\",\"@id\":\"https:\/\/greenteam.ufec.cat\/ca\/#website\",\"url\":\"https:\/\/greenteam.ufec.cat\/ca\/\",\"name\":\"Green Team\",\"description\":\"Fostering sustainable, eco friendly and inclusive sporting events\",\"publisher\":{\"@id\":\"https:\/\/greenteam.ufec.cat\/ca\/#organization\"},\"potentialAction\":[{\"@type\":\"SearchAction\",\"target\":{\"@type\":\"EntryPoint\",\"urlTemplate\":\"https:\/\/greenteam.ufec.cat\/ca\/?s={search_term_string}\"},\"query-input\":\"required name=search_term_string\"}],\"inLanguage\":\"ca\"},{\"@type\":\"Organization\",\"@id\":\"https:\/\/greenteam.ufec.cat\/ca\/#organization\",\"name\":\"Green Team\",\"url\":\"https:\/\/greenteam.ufec.cat\/ca\/\",\"logo\":{\"@type\":\"ImageObject\",\"inLanguage\":\"ca\",\"@id\":\"https:\/\/greenteam.ufec.cat\/ca\/#\/schema\/logo\/image\/\",\"url\":\"https:\/\/greenteam.ufec.cat\/wp-content\/uploads\/2022\/08\/LOGO-GREEN-TEAM.svg\",\"contentUrl\":\"https:\/\/greenteam.ufec.cat\/wp-content\/uploads\/2022\/08\/LOGO-GREEN-TEAM.svg\",\"width\":1920,\"height\":600,\"caption\":\"Green Team\"},\"image\":{\"@id\":\"https:\/\/greenteam.ufec.cat\/ca\/#\/schema\/logo\/image\/\"}},{\"@type\":\"Person\",\"@id\":\"https:\/\/greenteam.ufec.cat\/ca\/#\/schema\/person\/cb52c2d07d101573fcb8d9a3604285a4\",\"name\":\"Premsa UFEC\",\"image\":{\"@type\":\"ImageObject\",\"inLanguage\":\"ca\",\"@id\":\"https:\/\/greenteam.ufec.cat\/ca\/#\/schema\/person\/image\/\",\"url\":\"https:\/\/secure.gravatar.com\/avatar\/3c332e4ba74306f0f021b2e2eb15d86eb35143b4c4aec9e52241d40ff06608d9?s=96&d=mm&r=g\",\"contentUrl\":\"https:\/\/secure.gravatar.com\/avatar\/3c332e4ba74306f0f021b2e2eb15d86eb35143b4c4aec9e52241d40ff06608d9?s=96&d=mm&r=g\",\"caption\":\"Premsa UFEC\"},\"url\":\"https:\/\/greenteam.ufec.cat\/ca\/author\/premsaufec-cat\/\"}]}<\/script>\n<!-- \/ Yoast SEO plugin. -->","yoast_head_json":{"title":"Green Team: un esdeveniment esportiu sostenible i inclusiu a Gondomar - Green Team","robots":{"index":"index","follow":"follow","max-snippet":"max-snippet:-1","max-image-preview":"max-image-preview:large","max-video-preview":"max-video-preview:-1"},"canonical":"https:\/\/greenteam.ufec.cat\/ca\/2025\/05\/28\/green-team-un-esdeveniment-esportiu-sostenible-i-inclusiu-a-gondomar\/","og_locale":"ca_ES","og_type":"article","og_title":"Green Team: un esdeveniment esportiu sostenible i inclusiu a Gondomar - Green Team","og_description":"El 4 de desembre de 2024, la Uni\u00e3o de Freguesias de Gondomar, en col\u00b7laboraci\u00f3 amb el club esportiu Ala Nun\u2019\u00c1lvares, va organitzar el primer esdeveniment esportiu sostenible i inclusiu del projecte Green Team a Portugal. Aquest esdeveniment esportiu per a nens va incloure activitats com voleibol, tennis taula, petanca i futbol americ\u00e0, totes dissenyades per [&hellip;]","og_url":"https:\/\/greenteam.ufec.cat\/ca\/2025\/05\/28\/green-team-un-esdeveniment-esportiu-sostenible-i-inclusiu-a-gondomar\/","og_site_name":"Green Team","article_published_time":"2025-05-28T12:24:54+00:00","article_modified_time":"2025-05-28T12:25:18+00:00","og_image":[{"url":"https:\/\/greenteam.ufec.cat\/wp-content\/uploads\/2025\/05\/6-scaled-1-768x1024.jpg"}],"author":"Premsa UFEC","twitter_card":"summary_large_image","twitter_misc":{"Escrit per":"Premsa UFEC","Temps estimat de lectura":"4 minuts"},"schema":{"@context":"https:\/\/schema.org","@graph":[{"@type":"Article","@id":"https:\/\/greenteam.ufec.cat\/ca\/2025\/05\/28\/green-team-un-esdeveniment-esportiu-sostenible-i-inclusiu-a-gondomar\/#article","isPartOf":{"@id":"https:\/\/greenteam.ufec.cat\/ca\/2025\/05\/28\/green-team-un-esdeveniment-esportiu-sostenible-i-inclusiu-a-gondomar\/"},"author":{"name":"Premsa UFEC","@id":"https:\/\/greenteam.ufec.cat\/ca\/#\/schema\/person\/cb52c2d07d101573fcb8d9a3604285a4"},"headline":"Green Team: un esdeveniment esportiu sostenible i inclusiu a Gondomar","datePublished":"2025-05-28T12:24:54+00:00","dateModified":"2025-05-28T12:25:18+00:00","mainEntityOfPage":{"@id":"https:\/\/greenteam.ufec.cat\/ca\/2025\/05\/28\/green-team-un-esdeveniment-esportiu-sostenible-i-inclusiu-a-gondomar\/"},"wordCount":625,"commentCount":0,"publisher":{"@id":"https:\/\/greenteam.ufec.cat\/ca\/#organization"},"articleSection":["Uncategorized @ca"],"inLanguage":"ca","potentialAction":[{"@type":"CommentAction","name":"Comment","target":["https:\/\/greenteam.ufec.cat\/ca\/2025\/05\/28\/green-team-un-esdeveniment-esportiu-sostenible-i-inclusiu-a-gondomar\/#respond"]}]},{"@type":"WebPage","@id":"https:\/\/greenteam.ufec.cat\/ca\/2025\/05\/28\/green-team-un-esdeveniment-esportiu-sostenible-i-inclusiu-a-gondomar\/","url":"https:\/\/greenteam.ufec.cat\/ca\/2025\/05\/28\/green-team-un-esdeveniment-esportiu-sostenible-i-inclusiu-a-gondomar\/","name":"Green Team: un esdeveniment esportiu sostenible i inclusiu a Gondomar - Green Team","isPartOf":{"@id":"https:\/\/greenteam.ufec.cat\/ca\/#website"},"datePublished":"2025-05-28T12:24:54+00:00","dateModified":"2025-05-28T12:25:18+00:00","breadcrumb":{"@id":"https:\/\/greenteam.ufec.cat\/ca\/2025\/05\/28\/green-team-un-esdeveniment-esportiu-sostenible-i-inclusiu-a-gondomar\/#breadcrumb"},"inLanguage":"ca","potentialAction":[{"@type":"ReadAction","target":["https:\/\/greenteam.ufec.cat\/ca\/2025\/05\/28\/green-team-un-esdeveniment-esportiu-sostenible-i-inclusiu-a-gondomar\/"]}]},{"@type":"BreadcrumbList","@id":"https:\/\/greenteam.ufec.cat\/ca\/2025\/05\/28\/green-team-un-esdeveniment-esportiu-sostenible-i-inclusiu-a-gondomar\/#breadcrumb","itemListElement":[{"@type":"ListItem","position":1,"name":"Portada","item":"https:\/\/greenteam.ufec.cat\/ca\/"},{"@type":"ListItem","position":2,"name":"Green Team: un esdeveniment esportiu sostenible i inclusiu a Gondomar"}]},{"@type":"WebSite","@id":"https:\/\/greenteam.ufec.cat\/ca\/#website","url":"https:\/\/greenteam.ufec.cat\/ca\/","name":"Green Team","description":"Fostering sustainable, eco friendly and inclusive sporting events","publisher":{"@id":"https:\/\/greenteam.ufec.cat\/ca\/#organization"},"potentialAction":[{"@type":"SearchAction","target":{"@type":"EntryPoint","urlTemplate":"https:\/\/greenteam.ufec.cat\/ca\/?s={search_term_string}"},"query-input":"required name=search_term_string"}],"inLanguage":"ca"},{"@type":"Organization","@id":"https:\/\/greenteam.ufec.cat\/ca\/#organization","name":"Green Team","url":"https:\/\/greenteam.ufec.cat\/ca\/","logo":{"@type":"ImageObject","inLanguage":"ca","@id":"https:\/\/greenteam.ufec.cat\/ca\/#\/schema\/logo\/image\/","url":"https:\/\/greenteam.ufec.cat\/wp-content\/uploads\/2022\/08\/LOGO-GREEN-TEAM.svg","contentUrl":"https:\/\/greenteam.ufec.cat\/wp-content\/uploads\/2022\/08\/LOGO-GREEN-TEAM.svg","width":1920,"height":600,"caption":"Green Team"},"image":{"@id":"https:\/\/greenteam.ufec.cat\/ca\/#\/schema\/logo\/image\/"}},{"@type":"Person","@id":"https:\/\/greenteam.ufec.cat\/ca\/#\/schema\/person\/cb52c2d07d101573fcb8d9a3604285a4","name":"Premsa UFEC","image":{"@type":"ImageObject","inLanguage":"ca","@id":"https:\/\/greenteam.ufec.cat\/ca\/#\/schema\/person\/image\/","url":"https:\/\/secure.gravatar.com\/avatar\/3c332e4ba74306f0f021b2e2eb15d86eb35143b4c4aec9e52241d40ff06608d9?s=96&d=mm&r=g","contentUrl":"https:\/\/secure.gravatar.com\/avatar\/3c332e4ba74306f0f021b2e2eb15d86eb35143b4c4aec9e52241d40ff06608d9?s=96&d=mm&r=g","caption":"Premsa UFEC"},"url":"https:\/\/greenteam.ufec.cat\/ca\/author\/premsaufec-cat\/"}]}},"_links":{"self":[{"href":"https:\/\/greenteam.ufec.cat\/ca\/wp-json\/wp\/v2\/posts\/3730","targetHints":{"allow":["GET"]}}],"collection":[{"href":"https:\/\/greenteam.ufec.cat\/ca\/wp-json\/wp\/v2\/posts"}],"about":[{"href":"https:\/\/greenteam.ufec.cat\/ca\/wp-json\/wp\/v2\/types\/post"}],"author":[{"embeddable":true,"href":"https:\/\/greenteam.ufec.cat\/ca\/wp-json\/wp\/v2\/users\/2"}],"replies":[{"embeddable":true,"href":"https:\/\/greenteam.ufec.cat\/ca\/wp-json\/wp\/v2\/comments?post=3730"}],"version-history":[{"count":5,"href":"https:\/\/greenteam.ufec.cat\/ca\/wp-json\/wp\/v2\/posts\/3730\/revisions"}],"predecessor-version":[{"id":3735,"href":"https:\/\/greenteam.ufec.cat\/ca\/wp-json\/wp\/v2\/posts\/3730\/revisions\/3735"}],"wp:attachment":[{"href":"https:\/\/greenteam.ufec.cat\/ca\/wp-json\/wp\/v2\/media?parent=3730"}],"wp:term":[{"taxonomy":"category","embeddable":true,"href":"https:\/\/greenteam.ufec.cat\/ca\/wp-json\/wp\/v2\/categories?post=3730"},{"taxonomy":"post_tag","embeddable":true,"href":"https:\/\/greenteam.ufec.cat\/ca\/wp-json\/wp\/v2\/tags?post=3730"}],"curies":[{"name":"wp","href":"https:\/\/api.w.org\/{rel}","templated":true}]}}