{"id":2908,"date":"2023-06-22T11:55:00","date_gmt":"2023-06-22T11:55:00","guid":{"rendered":"https:\/\/greenteam.ufec.cat\/?p=2908"},"modified":"2024-01-18T08:36:17","modified_gmt":"2024-01-18T08:36:17","slug":"ufec-presenta-el-projecte-green-team-al-camping-la-ballena-alegre","status":"publish","type":"post","link":"https:\/\/greenteam.ufec.cat\/ca\/2023\/06\/22\/ufec-presenta-el-projecte-green-team-al-camping-la-ballena-alegre\/","title":{"rendered":"La UFEC presenta el projecte Green Team al c\u00e0mping La Ballena Alegre"},"content":{"rendered":"\n<p>La UFEC ha viatjat aquesta setmana a Sant Pere Pescador per portar a terme una sessi\u00f3 divulgativa sobre el projecte Green Team, el qual lidera, al c\u00e0mping La Ballena Alegre, considerat el m\u00e9s sostenible segons l&#8217;associaci\u00f3 ADAC, de refer\u00e8ncia a Alemanya i que organitza uns premis coneguts popularment com els \u201cOscars dels c\u00e0mpings\u201d.<\/p>\n\n\n\n<p>Gisela Ib\u00e1\u00f1ez, membre de Green Team i consultora en comunicaci\u00f3 ambiental, va presentar el projecte en el marc de la xerrada \u201cUna altra fi del m\u00f3n \u00e9s possible\u201d on es tractava la situaci\u00f3 clim\u00e0tica actual i projectes que ja estan treballant per un futur possible per a totes les persones.<\/p>\n\n\n\n<p>\u201cLa pr\u00e0ctica de l\u2019esport t\u00e9 una elevada capacitat d\u2019impactar en el nostre entorn. Amb el Green Team project volem que els clubs i federacions esportives europees vegin que \u00e9s possible fer un esdeveniment esportiu m\u00e9s sostenible amb el planeta i, sobretot, sense deixar a ning\u00fa enrere, fent que totes les persones estiguin incloses\u201d, ha afirmat Gisela Ib\u00e1\u00f1ez.<\/p>\n\n\n\n<p>Aquesta presentaci\u00f3 s\u2019ha organitzat en el marc del Campionat Mundial d\u2019Optimist de vela, i de la Fira Conscient, un aparador del c\u00e0mping La Ballena Alegre on busquen difondre un model de vacances sostenibles per cuidar el planeta.<\/p>\n\n\n\n<p>El Green Team, cofinan\u00e7at pel programa Erasmus + de la Comissi\u00f3 Europea, t\u00e9 l\u2019objectiu de fomentar esdeveniments esportius sostenibles, ecol\u00f2gics i inclusius. Una missi\u00f3 en l\u00ednia al plantejament del c\u00e0mping La Ballena Alegre, reconegut especialment per la seva aposta per les energies renovables, per\u00f2 tamb\u00e9 per la conscienciaci\u00f3 de clients, treballadors i prove\u00efdors. A la instal\u00b7laci\u00f3 tur\u00edstica tamb\u00e9 destaca la prioritzaci\u00f3 de la producci\u00f3 ecol\u00f2gica, el quil\u00f2metre 0 i aquelles alternatives amb menor impacte ambiental.&nbsp;<\/p>\n\n\n\n<figure class=\"wp-block-embed is-type-rich is-provider-gestor-del-servei wp-block-embed-gestor-del-servei wp-embed-aspect-16-9 wp-has-aspect-ratio\"><div class=\"wp-block-embed__wrapper\">\n<iframe loading=\"lazy\" title=\"VACACIONES RESPONSABLES EN EL CAMPING LA BALLENA ALEGRE\" width=\"800\" height=\"450\" src=\"https:\/\/www.youtube.com\/embed\/QON2DqSBIGc?feature=oembed\" frameborder=\"0\" allow=\"accelerometer; autoplay; clipboard-write; encrypted-media; gyroscope; picture-in-picture; web-share\" allowfullscreen><\/iframe>\n<\/div><\/figure>\n\n\n\n<p><strong>Green Team i La Ballena Alegre: objectius compartits<\/strong><\/p>\n\n\n\n<p>Aquests objectius transportats al m\u00f3n de l\u2019esport \u00e9s el que defensa el projecte Green Team: minimitzar l\u2019impacte que l\u2019esport t\u00e9 en el nostre entorn per beneficiar al conjunt de la societat. GREEN TEAM est\u00e0 en l\u00ednia amb la transici\u00f3 verda de la Uni\u00f3 Europea, ja que defensa un esport m\u00e9s sostenible des del punt de vista ambiental.<\/p>\n\n\n\n<p>I per fer-ho, pret\u00e9n fomentar l\u2019educaci\u00f3 ambiental de la m\u00e0 de la pr\u00e0ctica esportiva. El projecte posa l\u2019accent en la innovaci\u00f3 i la digitalitzaci\u00f3 de l\u2019esport, des de l\u2019esport de base fins a l\u2019esport d\u2019alt rendiment.<\/p>\n\n\n\n<p class=\"has-small-font-size\"><strong><em>PEU DE FOTO: Gisela Ib\u00e1\u00f1ez, membre de Green Team i consultora en comunicaci\u00f3 ambiental.<\/em><\/strong><\/p>\n","protected":false},"excerpt":{"rendered":"<p>La UFEC ha viatjat aquesta setmana a Sant Pere Pescador per portar a terme una sessi\u00f3 divulgativa sobre el projecte Green Team, el qual lidera, al c\u00e0mping La Ballena Alegre, considerat el m\u00e9s sostenible segons l&#8217;associaci\u00f3 ADAC, de refer\u00e8ncia a Alemanya i que organitza uns premis coneguts popularment com els \u201cOscars dels c\u00e0mpings\u201d. Gisela Ib\u00e1\u00f1ez, [&hellip;]<\/p>\n","protected":false},"author":2,"featured_media":2977,"comment_status":"open","ping_status":"closed","sticky":false,"template":"","format":"standard","meta":{"footnotes":""},"categories":[12],"tags":[],"class_list":["post-2908","post","type-post","status-publish","format-standard","has-post-thumbnail","hentry","category-uncategorized-ca"],"yoast_head":"<!-- This site is optimized with the Yoast SEO plugin v20.3 - https:\/\/yoast.com\/wordpress\/plugins\/seo\/ -->\n<title>La UFEC presenta el projecte Green Team al c\u00e0mping La Ballena Alegre - Green Team<\/title>\n<meta name=\"robots\" content=\"index, follow, max-snippet:-1, max-image-preview:large, max-video-preview:-1\" \/>\n<link rel=\"canonical\" href=\"https:\/\/greenteam.ufec.cat\/ca\/2023\/06\/22\/ufec-presenta-el-projecte-green-team-al-camping-la-ballena-alegre\/\" \/>\n<meta property=\"og:locale\" content=\"ca_ES\" \/>\n<meta property=\"og:type\" content=\"article\" \/>\n<meta property=\"og:title\" content=\"La UFEC presenta el projecte Green Team al c\u00e0mping La Ballena Alegre - Green Team\" \/>\n<meta property=\"og:description\" content=\"La UFEC ha viatjat aquesta setmana a Sant Pere Pescador per portar a terme una sessi\u00f3 divulgativa sobre el projecte Green Team, el qual lidera, al c\u00e0mping La Ballena Alegre, considerat el m\u00e9s sostenible segons l&#8217;associaci\u00f3 ADAC, de refer\u00e8ncia a Alemanya i que organitza uns premis coneguts popularment com els \u201cOscars dels c\u00e0mpings\u201d. Gisela Ib\u00e1\u00f1ez, [&hellip;]\" \/>\n<meta property=\"og:url\" content=\"https:\/\/greenteam.ufec.cat\/ca\/2023\/06\/22\/ufec-presenta-el-projecte-green-team-al-camping-la-ballena-alegre\/\" \/>\n<meta property=\"og:site_name\" content=\"Green Team\" \/>\n<meta property=\"article:published_time\" content=\"2023-06-22T11:55:00+00:00\" \/>\n<meta property=\"article:modified_time\" content=\"2024-01-18T08:36:17+00:00\" \/>\n<meta property=\"og:image\" content=\"https:\/\/greenteam.ufec.cat\/wp-content\/uploads\/2023\/06\/Camping-La-Ballena.jpg\" \/>\n\t<meta property=\"og:image:width\" content=\"1536\" \/>\n\t<meta property=\"og:image:height\" content=\"2048\" \/>\n\t<meta property=\"og:image:type\" content=\"image\/jpeg\" \/>\n<meta name=\"author\" content=\"Premsa UFEC\" \/>\n<meta name=\"twitter:card\" content=\"summary_large_image\" \/>\n<meta name=\"twitter:label1\" content=\"Escrit per\" \/>\n\t<meta name=\"twitter:data1\" content=\"Premsa UFEC\" \/>\n\t<meta name=\"twitter:label2\" content=\"Temps estimat de lectura\" \/>\n\t<meta name=\"twitter:data2\" content=\"2 minuts\" \/>\n<script type=\"application\/ld+json\" class=\"yoast-schema-graph\">{\"@context\":\"https:\/\/schema.org\",\"@graph\":[{\"@type\":\"Article\",\"@id\":\"https:\/\/greenteam.ufec.cat\/ca\/2023\/06\/22\/ufec-presenta-el-projecte-green-team-al-camping-la-ballena-alegre\/#article\",\"isPartOf\":{\"@id\":\"https:\/\/greenteam.ufec.cat\/ca\/2023\/06\/22\/ufec-presenta-el-projecte-green-team-al-camping-la-ballena-alegre\/\"},\"author\":{\"name\":\"Premsa UFEC\",\"@id\":\"https:\/\/greenteam.ufec.cat\/ca\/#\/schema\/person\/cb52c2d07d101573fcb8d9a3604285a4\"},\"headline\":\"La UFEC presenta el projecte Green Team al c\u00e0mping La Ballena Alegre\",\"datePublished\":\"2023-06-22T11:55:00+00:00\",\"dateModified\":\"2024-01-18T08:36:17+00:00\",\"mainEntityOfPage\":{\"@id\":\"https:\/\/greenteam.ufec.cat\/ca\/2023\/06\/22\/ufec-presenta-el-projecte-green-team-al-camping-la-ballena-alegre\/\"},\"wordCount\":447,\"commentCount\":0,\"publisher\":{\"@id\":\"https:\/\/greenteam.ufec.cat\/ca\/#organization\"},\"articleSection\":[\"Uncategorized @ca\"],\"inLanguage\":\"ca\",\"potentialAction\":[{\"@type\":\"CommentAction\",\"name\":\"Comment\",\"target\":[\"https:\/\/greenteam.ufec.cat\/ca\/2023\/06\/22\/ufec-presenta-el-projecte-green-team-al-camping-la-ballena-alegre\/#respond\"]}]},{\"@type\":\"WebPage\",\"@id\":\"https:\/\/greenteam.ufec.cat\/ca\/2023\/06\/22\/ufec-presenta-el-projecte-green-team-al-camping-la-ballena-alegre\/\",\"url\":\"https:\/\/greenteam.ufec.cat\/ca\/2023\/06\/22\/ufec-presenta-el-projecte-green-team-al-camping-la-ballena-alegre\/\",\"name\":\"La UFEC presenta el projecte Green Team al c\u00e0mping La Ballena Alegre - Green Team\",\"isPartOf\":{\"@id\":\"https:\/\/greenteam.ufec.cat\/ca\/#website\"},\"datePublished\":\"2023-06-22T11:55:00+00:00\",\"dateModified\":\"2024-01-18T08:36:17+00:00\",\"breadcrumb\":{\"@id\":\"https:\/\/greenteam.ufec.cat\/ca\/2023\/06\/22\/ufec-presenta-el-projecte-green-team-al-camping-la-ballena-alegre\/#breadcrumb\"},\"inLanguage\":\"ca\",\"potentialAction\":[{\"@type\":\"ReadAction\",\"target\":[\"https:\/\/greenteam.ufec.cat\/ca\/2023\/06\/22\/ufec-presenta-el-projecte-green-team-al-camping-la-ballena-alegre\/\"]}]},{\"@type\":\"BreadcrumbList\",\"@id\":\"https:\/\/greenteam.ufec.cat\/ca\/2023\/06\/22\/ufec-presenta-el-projecte-green-team-al-camping-la-ballena-alegre\/#breadcrumb\",\"itemListElement\":[{\"@type\":\"ListItem\",\"position\":1,\"name\":\"Portada\",\"item\":\"https:\/\/greenteam.ufec.cat\/ca\/\"},{\"@type\":\"ListItem\",\"position\":2,\"name\":\"La UFEC presenta el projecte Green Team al c\u00e0mping La Ballena Alegre\"}]},{\"@type\":\"WebSite\",\"@id\":\"https:\/\/greenteam.ufec.cat\/ca\/#website\",\"url\":\"https:\/\/greenteam.ufec.cat\/ca\/\",\"name\":\"Green Team\",\"description\":\"Fostering sustainable, eco friendly and inclusive sporting events\",\"publisher\":{\"@id\":\"https:\/\/greenteam.ufec.cat\/ca\/#organization\"},\"potentialAction\":[{\"@type\":\"SearchAction\",\"target\":{\"@type\":\"EntryPoint\",\"urlTemplate\":\"https:\/\/greenteam.ufec.cat\/ca\/?s={search_term_string}\"},\"query-input\":\"required name=search_term_string\"}],\"inLanguage\":\"ca\"},{\"@type\":\"Organization\",\"@id\":\"https:\/\/greenteam.ufec.cat\/ca\/#organization\",\"name\":\"Green Team\",\"url\":\"https:\/\/greenteam.ufec.cat\/ca\/\",\"logo\":{\"@type\":\"ImageObject\",\"inLanguage\":\"ca\",\"@id\":\"https:\/\/greenteam.ufec.cat\/ca\/#\/schema\/logo\/image\/\",\"url\":\"https:\/\/greenteam.ufec.cat\/wp-content\/uploads\/2022\/08\/LOGO-GREEN-TEAM.svg\",\"contentUrl\":\"https:\/\/greenteam.ufec.cat\/wp-content\/uploads\/2022\/08\/LOGO-GREEN-TEAM.svg\",\"width\":1920,\"height\":600,\"caption\":\"Green Team\"},\"image\":{\"@id\":\"https:\/\/greenteam.ufec.cat\/ca\/#\/schema\/logo\/image\/\"}},{\"@type\":\"Person\",\"@id\":\"https:\/\/greenteam.ufec.cat\/ca\/#\/schema\/person\/cb52c2d07d101573fcb8d9a3604285a4\",\"name\":\"Premsa UFEC\",\"image\":{\"@type\":\"ImageObject\",\"inLanguage\":\"ca\",\"@id\":\"https:\/\/greenteam.ufec.cat\/ca\/#\/schema\/person\/image\/\",\"url\":\"https:\/\/secure.gravatar.com\/avatar\/3c332e4ba74306f0f021b2e2eb15d86eb35143b4c4aec9e52241d40ff06608d9?s=96&d=mm&r=g\",\"contentUrl\":\"https:\/\/secure.gravatar.com\/avatar\/3c332e4ba74306f0f021b2e2eb15d86eb35143b4c4aec9e52241d40ff06608d9?s=96&d=mm&r=g\",\"caption\":\"Premsa UFEC\"},\"url\":\"https:\/\/greenteam.ufec.cat\/ca\/author\/premsaufec-cat\/\"}]}<\/script>\n<!-- \/ Yoast SEO plugin. -->","yoast_head_json":{"title":"La UFEC presenta el projecte Green Team al c\u00e0mping La Ballena Alegre - Green Team","robots":{"index":"index","follow":"follow","max-snippet":"max-snippet:-1","max-image-preview":"max-image-preview:large","max-video-preview":"max-video-preview:-1"},"canonical":"https:\/\/greenteam.ufec.cat\/ca\/2023\/06\/22\/ufec-presenta-el-projecte-green-team-al-camping-la-ballena-alegre\/","og_locale":"ca_ES","og_type":"article","og_title":"La UFEC presenta el projecte Green Team al c\u00e0mping La Ballena Alegre - Green Team","og_description":"La UFEC ha viatjat aquesta setmana a Sant Pere Pescador per portar a terme una sessi\u00f3 divulgativa sobre el projecte Green Team, el qual lidera, al c\u00e0mping La Ballena Alegre, considerat el m\u00e9s sostenible segons l&#8217;associaci\u00f3 ADAC, de refer\u00e8ncia a Alemanya i que organitza uns premis coneguts popularment com els \u201cOscars dels c\u00e0mpings\u201d. Gisela Ib\u00e1\u00f1ez, [&hellip;]","og_url":"https:\/\/greenteam.ufec.cat\/ca\/2023\/06\/22\/ufec-presenta-el-projecte-green-team-al-camping-la-ballena-alegre\/","og_site_name":"Green Team","article_published_time":"2023-06-22T11:55:00+00:00","article_modified_time":"2024-01-18T08:36:17+00:00","og_image":[{"width":1536,"height":2048,"url":"https:\/\/greenteam.ufec.cat\/wp-content\/uploads\/2023\/06\/Camping-La-Ballena.jpg","type":"image\/jpeg"}],"author":"Premsa UFEC","twitter_card":"summary_large_image","twitter_misc":{"Escrit per":"Premsa UFEC","Temps estimat de lectura":"2 minuts"},"schema":{"@context":"https:\/\/schema.org","@graph":[{"@type":"Article","@id":"https:\/\/greenteam.ufec.cat\/ca\/2023\/06\/22\/ufec-presenta-el-projecte-green-team-al-camping-la-ballena-alegre\/#article","isPartOf":{"@id":"https:\/\/greenteam.ufec.cat\/ca\/2023\/06\/22\/ufec-presenta-el-projecte-green-team-al-camping-la-ballena-alegre\/"},"author":{"name":"Premsa UFEC","@id":"https:\/\/greenteam.ufec.cat\/ca\/#\/schema\/person\/cb52c2d07d101573fcb8d9a3604285a4"},"headline":"La UFEC presenta el projecte Green Team al c\u00e0mping La Ballena Alegre","datePublished":"2023-06-22T11:55:00+00:00","dateModified":"2024-01-18T08:36:17+00:00","mainEntityOfPage":{"@id":"https:\/\/greenteam.ufec.cat\/ca\/2023\/06\/22\/ufec-presenta-el-projecte-green-team-al-camping-la-ballena-alegre\/"},"wordCount":447,"commentCount":0,"publisher":{"@id":"https:\/\/greenteam.ufec.cat\/ca\/#organization"},"articleSection":["Uncategorized @ca"],"inLanguage":"ca","potentialAction":[{"@type":"CommentAction","name":"Comment","target":["https:\/\/greenteam.ufec.cat\/ca\/2023\/06\/22\/ufec-presenta-el-projecte-green-team-al-camping-la-ballena-alegre\/#respond"]}]},{"@type":"WebPage","@id":"https:\/\/greenteam.ufec.cat\/ca\/2023\/06\/22\/ufec-presenta-el-projecte-green-team-al-camping-la-ballena-alegre\/","url":"https:\/\/greenteam.ufec.cat\/ca\/2023\/06\/22\/ufec-presenta-el-projecte-green-team-al-camping-la-ballena-alegre\/","name":"La UFEC presenta el projecte Green Team al c\u00e0mping La Ballena Alegre - Green Team","isPartOf":{"@id":"https:\/\/greenteam.ufec.cat\/ca\/#website"},"datePublished":"2023-06-22T11:55:00+00:00","dateModified":"2024-01-18T08:36:17+00:00","breadcrumb":{"@id":"https:\/\/greenteam.ufec.cat\/ca\/2023\/06\/22\/ufec-presenta-el-projecte-green-team-al-camping-la-ballena-alegre\/#breadcrumb"},"inLanguage":"ca","potentialAction":[{"@type":"ReadAction","target":["https:\/\/greenteam.ufec.cat\/ca\/2023\/06\/22\/ufec-presenta-el-projecte-green-team-al-camping-la-ballena-alegre\/"]}]},{"@type":"BreadcrumbList","@id":"https:\/\/greenteam.ufec.cat\/ca\/2023\/06\/22\/ufec-presenta-el-projecte-green-team-al-camping-la-ballena-alegre\/#breadcrumb","itemListElement":[{"@type":"ListItem","position":1,"name":"Portada","item":"https:\/\/greenteam.ufec.cat\/ca\/"},{"@type":"ListItem","position":2,"name":"La UFEC presenta el projecte Green Team al c\u00e0mping La Ballena Alegre"}]},{"@type":"WebSite","@id":"https:\/\/greenteam.ufec.cat\/ca\/#website","url":"https:\/\/greenteam.ufec.cat\/ca\/","name":"Green Team","description":"Fostering sustainable, eco friendly and inclusive sporting events","publisher":{"@id":"https:\/\/greenteam.ufec.cat\/ca\/#organization"},"potentialAction":[{"@type":"SearchAction","target":{"@type":"EntryPoint","urlTemplate":"https:\/\/greenteam.ufec.cat\/ca\/?s={search_term_string}"},"query-input":"required name=search_term_string"}],"inLanguage":"ca"},{"@type":"Organization","@id":"https:\/\/greenteam.ufec.cat\/ca\/#organization","name":"Green Team","url":"https:\/\/greenteam.ufec.cat\/ca\/","logo":{"@type":"ImageObject","inLanguage":"ca","@id":"https:\/\/greenteam.ufec.cat\/ca\/#\/schema\/logo\/image\/","url":"https:\/\/greenteam.ufec.cat\/wp-content\/uploads\/2022\/08\/LOGO-GREEN-TEAM.svg","contentUrl":"https:\/\/greenteam.ufec.cat\/wp-content\/uploads\/2022\/08\/LOGO-GREEN-TEAM.svg","width":1920,"height":600,"caption":"Green Team"},"image":{"@id":"https:\/\/greenteam.ufec.cat\/ca\/#\/schema\/logo\/image\/"}},{"@type":"Person","@id":"https:\/\/greenteam.ufec.cat\/ca\/#\/schema\/person\/cb52c2d07d101573fcb8d9a3604285a4","name":"Premsa UFEC","image":{"@type":"ImageObject","inLanguage":"ca","@id":"https:\/\/greenteam.ufec.cat\/ca\/#\/schema\/person\/image\/","url":"https:\/\/secure.gravatar.com\/avatar\/3c332e4ba74306f0f021b2e2eb15d86eb35143b4c4aec9e52241d40ff06608d9?s=96&d=mm&r=g","contentUrl":"https:\/\/secure.gravatar.com\/avatar\/3c332e4ba74306f0f021b2e2eb15d86eb35143b4c4aec9e52241d40ff06608d9?s=96&d=mm&r=g","caption":"Premsa UFEC"},"url":"https:\/\/greenteam.ufec.cat\/ca\/author\/premsaufec-cat\/"}]}},"_links":{"self":[{"href":"https:\/\/greenteam.ufec.cat\/ca\/wp-json\/wp\/v2\/posts\/2908","targetHints":{"allow":["GET"]}}],"collection":[{"href":"https:\/\/greenteam.ufec.cat\/ca\/wp-json\/wp\/v2\/posts"}],"about":[{"href":"https:\/\/greenteam.ufec.cat\/ca\/wp-json\/wp\/v2\/types\/post"}],"author":[{"embeddable":true,"href":"https:\/\/greenteam.ufec.cat\/ca\/wp-json\/wp\/v2\/users\/2"}],"replies":[{"embeddable":true,"href":"https:\/\/greenteam.ufec.cat\/ca\/wp-json\/wp\/v2\/comments?post=2908"}],"version-history":[{"count":3,"href":"https:\/\/greenteam.ufec.cat\/ca\/wp-json\/wp\/v2\/posts\/2908\/revisions"}],"predecessor-version":[{"id":2919,"href":"https:\/\/greenteam.ufec.cat\/ca\/wp-json\/wp\/v2\/posts\/2908\/revisions\/2919"}],"wp:featuredmedia":[{"embeddable":true,"href":"https:\/\/greenteam.ufec.cat\/ca\/wp-json\/wp\/v2\/media\/2977"}],"wp:attachment":[{"href":"https:\/\/greenteam.ufec.cat\/ca\/wp-json\/wp\/v2\/media?parent=2908"}],"wp:term":[{"taxonomy":"category","embeddable":true,"href":"https:\/\/greenteam.ufec.cat\/ca\/wp-json\/wp\/v2\/categories?post=2908"},{"taxonomy":"post_tag","embeddable":true,"href":"https:\/\/greenteam.ufec.cat\/ca\/wp-json\/wp\/v2\/tags?post=2908"}],"curies":[{"name":"wp","href":"https:\/\/api.w.org\/{rel}","templated":true}]}}